{"id":2690,"date":"2017-03-16T10:51:42","date_gmt":"2017-03-16T13:51:42","guid":{"rendered":"http:\/\/infoluro.com\/?p=2690"},"modified":"2017-03-16T10:51:42","modified_gmt":"2017-03-16T13:51:42","slug":"jornada-nacional-de-produccion-en-villarino","status":"publish","type":"post","link":"https:\/\/infoluro.com\/?p=2690","title":{"rendered":"Jornada nacional de Producci\u00f3n en Villarino"},"content":{"rendered":"<p>Este viernes 17, se realizar\u00e1 la jornada \u201cPotenciando el Ecosistema Productivos del Sudoeste Bonaerense\u201d. El encuentro ser\u00e1 en la Sociedad Italiana de M\u00e9danos. Este es un programa que acerca herramientas del Ministerio de Producci\u00f3n a todas las PyMES y emprendedores del pa\u00eds. Se plantean diferentes tem\u00e1ticas con asesores especializados que orientan sobre los programas de financiamiento. Al respecto esto dec\u00eda \u00a0a la Z fm Guillermina Rizzo representante de la Casa de la producci\u00f3n del Ministerio de Producci\u00f3n Nacional.<\/p>\n<!--[if lt IE 9]><script>document.createElement('audio');<\/script><![endif]-->\n<audio class=\"wp-audio-shortcode\" id=\"audio-2690-1\" preload=\"none\" style=\"width: 100%;\" controls=\"controls\"><source type=\"audio\/mpeg\" src=\"https:\/\/infoluro.com\/wp-content\/uploads\/2017\/03\/GUILLERMINARIZZOPRODUCCIONNACION.16032017.mp3?_=1\" \/><a href=\"https:\/\/infoluro.com\/wp-content\/uploads\/2017\/03\/GUILLERMINARIZZOPRODUCCIONNACION.16032017.mp3\">https:\/\/infoluro.com\/wp-content\/uploads\/2017\/03\/GUILLERMINARIZZOPRODUCCIONNACION.16032017.mp3<\/a><\/audio>\n<p><!--more--><\/p>\n<p>En esta ocasi\u00f3n estar\u00e1n presentes autoridades del municipio de Villarino y entidades representadas, entre ellos el Banco de Inversi\u00f3n y Comercio Exterior, Garantizar, Zona Franca Bah\u00eda Blanca y Coronel Rosales, Banco Naci\u00f3n, Provincia Microempresas, Banco Provincia.<br \/>\nLas tareas ser\u00e1n de asesoramiento para que emprendedores, PyMES, cooperativas e instituciones productivas locales conozcan las herramientas para el crecimiento de la producci\u00f3n, que en esta oportunidad est\u00e1 destinada a la regi\u00f3n del Sudoeste Bonaerense.<\/p>\n","protected":false},"excerpt":{"rendered":"<p>Este viernes 17, se realizar\u00e1 la jornada \u201cPotenciando el Ecosistema Productivos del Sudoeste Bonaerense\u201d. El&#8230;<\/p>\n","protected":false},"author":2,"featured_media":2692,"comment_status":"closed","ping_status":"closed","sticky":false,"template":"","format":"standard","meta":{"footnotes":""},"categories":[12,9],"tags":[],"_links":{"self":[{"href":"https:\/\/infoluro.com\/index.php?rest_route=\/wp\/v2\/posts\/2690"}],"collection":[{"href":"https:\/\/infoluro.com\/index.php?rest_route=\/wp\/v2\/posts"}],"about":[{"href":"https:\/\/infoluro.com\/index.php?rest_route=\/wp\/v2\/types\/post"}],"author":[{"embeddable":true,"href":"https:\/\/infoluro.com\/index.php?rest_route=\/wp\/v2\/users\/2"}],"replies":[{"embeddable":true,"href":"https:\/\/infoluro.com\/index.php?rest_route=%2Fwp%2Fv2%2Fcomments&post=2690"}],"version-history":[{"count":0,"href":"https:\/\/infoluro.com\/index.php?rest_route=\/wp\/v2\/posts\/2690\/revisions"}],"wp:featuredmedia":[{"embeddable":true,"href":"https:\/\/infoluro.com\/index.php?rest_route=\/wp\/v2\/media\/2692"}],"wp:attachment":[{"href":"https:\/\/infoluro.com\/index.php?rest_route=%2Fwp%2Fv2%2Fmedia&parent=2690"}],"wp:term":[{"taxonomy":"category","embeddable":true,"href":"https:\/\/infoluro.com\/index.php?rest_route=%2Fwp%2Fv2%2Fcategories&post=2690"},{"taxonomy":"post_tag","embeddable":true,"href":"https:\/\/infoluro.com\/index.php?rest_route=%2Fwp%2Fv2%2Ftags&post=2690"}],"curies":[{"name":"wp","href":"https:\/\/api.w.org\/{rel}","templated":true}]}}