{"id":2707,"date":"2017-03-21T10:42:10","date_gmt":"2017-03-21T13:42:10","guid":{"rendered":"http:\/\/infoluro.com\/?p=2707"},"modified":"2017-03-21T10:42:10","modified_gmt":"2017-03-21T13:42:10","slug":"avanza-el-proyecto-de-forestacion-en-las-rutas-de-villarino","status":"publish","type":"post","link":"https:\/\/infoluro.com\/?p=2707","title":{"rendered":"Avanza el proyecto de forestaci\u00f3n en las rutas de Villarino"},"content":{"rendered":"<p>En el D\u00eda Mundial de la Forestaci\u00f3n, Sergio Daich referente de la Agencia Ambiental en Villarino dialog\u00f3 en la Zfm sobre el proyecto de reforestaci\u00f3n sobre las Rutas Nacionales 3 y 22 que rodean al distrito. Dicho proyecto prev\u00e9 la colocaci\u00f3n de nuevas cortinas de arbolado a partir del mes de junio. Daich sostuvo que la \u00faltima forestaci\u00f3n data del a\u00f1o 1974. Para tal efecto se est\u00e1 capacitando personal para la nueva implantaci\u00f3n que se estima tener finalizada para el mes de septiembre.<\/p>\n<!--[if lt IE 9]><script>document.createElement('audio');<\/script><![endif]-->\n<audio class=\"wp-audio-shortcode\" id=\"audio-2707-1\" preload=\"none\" style=\"width: 100%;\" controls=\"controls\"><source type=\"audio\/mpeg\" src=\"https:\/\/infoluro.com\/wp-content\/uploads\/2017\/03\/SERGIODAICH21032017.mp3?_=1\" \/><a href=\"https:\/\/infoluro.com\/wp-content\/uploads\/2017\/03\/SERGIODAICH21032017.mp3\">https:\/\/infoluro.com\/wp-content\/uploads\/2017\/03\/SERGIODAICH21032017.mp3<\/a><\/audio>\n","protected":false},"excerpt":{"rendered":"<p>En el D\u00eda Mundial de la Forestaci\u00f3n, Sergio Daich referente de la Agencia Ambiental en&#8230;<\/p>\n","protected":false},"author":2,"featured_media":2706,"comment_status":"closed","ping_status":"closed","sticky":false,"template":"","format":"standard","meta":{"footnotes":""},"categories":[12],"tags":[],"_links":{"self":[{"href":"https:\/\/infoluro.com\/index.php?rest_route=\/wp\/v2\/posts\/2707"}],"collection":[{"href":"https:\/\/infoluro.com\/index.php?rest_route=\/wp\/v2\/posts"}],"about":[{"href":"https:\/\/infoluro.com\/index.php?rest_route=\/wp\/v2\/types\/post"}],"author":[{"embeddable":true,"href":"https:\/\/infoluro.com\/index.php?rest_route=\/wp\/v2\/users\/2"}],"replies":[{"embeddable":true,"href":"https:\/\/infoluro.com\/index.php?rest_route=%2Fwp%2Fv2%2Fcomments&post=2707"}],"version-history":[{"count":0,"href":"https:\/\/infoluro.com\/index.php?rest_route=\/wp\/v2\/posts\/2707\/revisions"}],"wp:featuredmedia":[{"embeddable":true,"href":"https:\/\/infoluro.com\/index.php?rest_route=\/wp\/v2\/media\/2706"}],"wp:attachment":[{"href":"https:\/\/infoluro.com\/index.php?rest_route=%2Fwp%2Fv2%2Fmedia&parent=2707"}],"wp:term":[{"taxonomy":"category","embeddable":true,"href":"https:\/\/infoluro.com\/index.php?rest_route=%2Fwp%2Fv2%2Fcategories&post=2707"},{"taxonomy":"post_tag","embeddable":true,"href":"https:\/\/infoluro.com\/index.php?rest_route=%2Fwp%2Fv2%2Ftags&post=2707"}],"curies":[{"name":"wp","href":"https:\/\/api.w.org\/{rel}","templated":true}]}}