{"id":2709,"date":"2017-03-21T11:52:22","date_gmt":"2017-03-21T14:52:22","guid":{"rendered":"http:\/\/infoluro.com\/?p=2709"},"modified":"2017-03-21T11:52:22","modified_gmt":"2017-03-21T14:52:22","slug":"ascasubi-lista-para-una-nueva-fiesta-de-la-cebolla","status":"publish","type":"post","link":"https:\/\/infoluro.com\/?p=2709","title":{"rendered":"Ascasubi lista para una nueva Fiesta de la Cebolla"},"content":{"rendered":"<p>Este viernes se pondr\u00e1 en marcha en el Predio del Club Social Ascasubi la d\u00e9cima edici\u00f3n de la Fiesta Provincial de la Cebolla que se extender\u00e1 hasta el domingo 26, jornada en la que se podr\u00e1 disfrutar de los shows de Amboe, el Humorista Carlos \u201cCacerola\u201d S\u00e1nchez y el cierre a cargo de Miranda.\u00a0 El p\u00fablico podr\u00e1 abonar un bono contribuci\u00f3n de $40 (si solo va el domingo $60) para los tres d\u00edas con el cual participa del sorteo de una moto y varios premios. Tambi\u00e9n \u00a0podr\u00e1 abonar la silla pr\u00f3xima al escenario con un valor de $200. Esto dec\u00eda a la Zfm el Presidente de la Comisi\u00f3n de Festejos Daniel Guzm\u00e1n<\/p>\n<!--[if lt IE 9]><script>document.createElement('audio');<\/script><![endif]-->\n<audio class=\"wp-audio-shortcode\" id=\"audio-2709-1\" preload=\"none\" style=\"width: 100%;\" controls=\"controls\"><source type=\"audio\/mpeg\" src=\"https:\/\/infoluro.com\/wp-content\/uploads\/2017\/03\/DANIELGUZMAN.ASCASUBI-21032017.mp3?_=1\" \/><a href=\"https:\/\/infoluro.com\/wp-content\/uploads\/2017\/03\/DANIELGUZMAN.ASCASUBI-21032017.mp3\">https:\/\/infoluro.com\/wp-content\/uploads\/2017\/03\/DANIELGUZMAN.ASCASUBI-21032017.mp3<\/a><\/audio>\n<p><!--more--><\/p>\n<p>&nbsp;<\/p>\n<p>&nbsp;<\/p>\n<p>Aquellas personas que asistan a la Fiesta de la Cebolla podr\u00e1n \u00a0disfrutar en el predio del Club Social Ascasubi de stand de artesanos, muestra de concesionarios, adem\u00e1s se ha incorporado para este a\u00f1o una muestra de animales de Villarino y una carrera de regularidad con autos antiguos que partir\u00e1n desde Bah\u00eda Blanca.<\/p>\n<p>El viernes y el s\u00e1bado los espect\u00e1culos musicales estar\u00e1n a cargo de bandas locales y regionales. El domingo 26 el escenario lo abrir\u00e1 Ambo\u00e9, posteriormente se presentar\u00e1 el humorista Carlos \u201cCacerola\u201d\u00a0 S\u00e1nchez y el cierre a cargo de Miranda.<\/p>\n<p>Adem\u00e1s ya se ha lanzado la convocatoria para la elecci\u00f3n de la embajadora de la fiesta.<\/p>\n","protected":false},"excerpt":{"rendered":"<p>Este viernes se pondr\u00e1 en marcha en el Predio del Club Social Ascasubi la d\u00e9cima&#8230;<\/p>\n","protected":false},"author":2,"featured_media":2711,"comment_status":"closed","ping_status":"closed","sticky":false,"template":"","format":"standard","meta":{"footnotes":""},"categories":[12],"tags":[],"_links":{"self":[{"href":"https:\/\/infoluro.com\/index.php?rest_route=\/wp\/v2\/posts\/2709"}],"collection":[{"href":"https:\/\/infoluro.com\/index.php?rest_route=\/wp\/v2\/posts"}],"about":[{"href":"https:\/\/infoluro.com\/index.php?rest_route=\/wp\/v2\/types\/post"}],"author":[{"embeddable":true,"href":"https:\/\/infoluro.com\/index.php?rest_route=\/wp\/v2\/users\/2"}],"replies":[{"embeddable":true,"href":"https:\/\/infoluro.com\/index.php?rest_route=%2Fwp%2Fv2%2Fcomments&post=2709"}],"version-history":[{"count":0,"href":"https:\/\/infoluro.com\/index.php?rest_route=\/wp\/v2\/posts\/2709\/revisions"}],"wp:featuredmedia":[{"embeddable":true,"href":"https:\/\/infoluro.com\/index.php?rest_route=\/wp\/v2\/media\/2711"}],"wp:attachment":[{"href":"https:\/\/infoluro.com\/index.php?rest_route=%2Fwp%2Fv2%2Fmedia&parent=2709"}],"wp:term":[{"taxonomy":"category","embeddable":true,"href":"https:\/\/infoluro.com\/index.php?rest_route=%2Fwp%2Fv2%2Fcategories&post=2709"},{"taxonomy":"post_tag","embeddable":true,"href":"https:\/\/infoluro.com\/index.php?rest_route=%2Fwp%2Fv2%2Ftags&post=2709"}],"curies":[{"name":"wp","href":"https:\/\/api.w.org\/{rel}","templated":true}]}}