{"id":27755,"date":"2025-09-23T11:52:19","date_gmt":"2025-09-23T14:52:19","guid":{"rendered":"https:\/\/infoluro.com\/?p=27755"},"modified":"2025-09-23T11:52:19","modified_gmt":"2025-09-23T14:52:19","slug":"pedro-luro-a-47-anos-del-misterio-del-ovni","status":"publish","type":"post","link":"https:\/\/infoluro.com\/?p=27755","title":{"rendered":"Pedro Luro : A 47 a\u00f1os del Misterio del Ovni"},"content":{"rendered":"<p>&nbsp;<\/p>\n<p>&nbsp;<\/p>\n<p>PEDRO LURO, 23 de septiembre de 2025 &#8211; Hoy, 23 de septiembre, se cumplen 47 a\u00f1os de uno de los sucesos m\u00e1s enigm\u00e1ticos y c\u00e9lebres de la ufolog\u00eda argentina. El caso de la abducci\u00f3n de los pilotos chilenos Carlos Acevedo y Miguel Moya sigue siendo un misterio sin resolver, a pesar de los a\u00f1os transcurridos y de la investigaci\u00f3n de profesionales como Andrea P\u00e9rez Simondini, directora de la Comisi\u00f3n de Estudio del Fen\u00f3meno Ovni de la Rep\u00fablica Argentina (CEFORA).<\/p>\n<p><img loading=\"lazy\" decoding=\"async\" class=\"alignnone size-medium wp-image-27758\" src=\"https:\/\/infoluro.com\/wp-content\/uploads\/2025\/09\/abducidos-1-300x200.webp\" alt=\"\" width=\"300\" height=\"200\" srcset=\"https:\/\/infoluro.com\/wp-content\/uploads\/2025\/09\/abducidos-1-300x200.webp 300w, https:\/\/infoluro.com\/wp-content\/uploads\/2025\/09\/abducidos-1-768x512.webp 768w, https:\/\/infoluro.com\/wp-content\/uploads\/2025\/09\/abducidos-1.webp 800w\" sizes=\"(max-width: 300px) 100vw, 300px\" \/><\/p>\n<p>El Citro\u00ebn GS de Acevedo en una parada.<\/p>\n<p>El 23 de septiembre de 1978, en pleno Rally &#8220;Vuelta a la Am\u00e9rica del Sur&#8221;, los pilotos Acevedo y Moya, a bordo de su Citro\u00ebn GS, se encontraban en el tramo de la Ruta 3 que conecta Viedma con la localidad de Pedro Luro. Seg\u00fan su relato, su veh\u00edculo fue transportado 70 kil\u00f3metros por un Objeto Volador No Identificado, perdiendo la noci\u00f3n del tiempo y apareciendo m\u00e1s tarde en un punto alejado de la ruta.<\/p>\n<p>La historia de Acevedo y Moya es un hito para la ufolog\u00eda en la regi\u00f3n. Andrea P\u00e9rez Simondini, reconocida investigadora, ha dedicado a\u00f1os al estudio de este y otros fen\u00f3menos. Si bien el caso es uno de los m\u00e1s documentados, la directora de CEFORA afirma que, a 47 a\u00f1os de los hechos, el misterio sigue casi intacto y la respuesta definitiva se mantiene elusiva.<\/p>\n<p>&nbsp;<\/p>\n<p><img loading=\"lazy\" decoding=\"async\" class=\"alignnone size-medium wp-image-27757\" src=\"https:\/\/infoluro.com\/wp-content\/uploads\/2025\/09\/abducidos-2-300x300.webp\" alt=\"\" width=\"300\" height=\"300\" srcset=\"https:\/\/infoluro.com\/wp-content\/uploads\/2025\/09\/abducidos-2-300x300.webp 300w, https:\/\/infoluro.com\/wp-content\/uploads\/2025\/09\/abducidos-2-150x150.webp 150w, https:\/\/infoluro.com\/wp-content\/uploads\/2025\/09\/abducidos-2-768x768.webp 768w, https:\/\/infoluro.com\/wp-content\/uploads\/2025\/09\/abducidos-2.webp 800w\" sizes=\"(max-width: 300px) 100vw, 300px\" \/><\/p>\n<p>Miguel Moya y Carlos Acevedo luego de terminada la carrera.<\/p>\n<p>Este suceso, que trascendi\u00f3 las fronteras del automovilismo para convertirse en un icono de los encuentros con OVNIs, es uno de los primeros archivos desclasificados no oficiales de la ufolog\u00eda argentina. El caso de los pilotos chilenos contin\u00faa alimentando el debate y la curiosidad sobre la existencia de fen\u00f3menos inexplicables en nuestros cielos.<\/p>\n<p>Escuch\u00e1 la nota con la Directora del CEFORA(Comisi\u00f3n del Estudio del Fen\u00f3meno Ovni en Argentina) y Uf\u00f3loga Andrea Perez Simondini en www.infoluro.com<\/p>\n<p>#info #noticias #ovni #argentina<\/p>\n<!--[if lt IE 9]><script>document.createElement('audio');<\/script><![endif]-->\n<audio class=\"wp-audio-shortcode\" id=\"audio-27755-1\" preload=\"none\" style=\"width: 100%;\" controls=\"controls\"><source type=\"audio\/mpeg\" src=\"https:\/\/infoluro.com\/wp-content\/uploads\/2025\/09\/ANDREAPEREZSIMONDINI23092025-1.mp3?_=1\" \/><a href=\"https:\/\/infoluro.com\/wp-content\/uploads\/2025\/09\/ANDREAPEREZSIMONDINI23092025-1.mp3\">https:\/\/infoluro.com\/wp-content\/uploads\/2025\/09\/ANDREAPEREZSIMONDINI23092025-1.mp3<\/a><\/audio>\n<p>&nbsp;<\/p>\n","protected":false},"excerpt":{"rendered":"<p>&nbsp; &nbsp; PEDRO LURO, 23 de septiembre de 2025 &#8211; Hoy, 23 de septiembre, se&#8230;<\/p>\n","protected":false},"author":2,"featured_media":27756,"comment_status":"closed","ping_status":"closed","sticky":false,"template":"","format":"standard","meta":{"footnotes":""},"categories":[45,12,4,14,51,2,10,9],"tags":[],"_links":{"self":[{"href":"https:\/\/infoluro.com\/index.php?rest_route=\/wp\/v2\/posts\/27755"}],"collection":[{"href":"https:\/\/infoluro.com\/index.php?rest_route=\/wp\/v2\/posts"}],"about":[{"href":"https:\/\/infoluro.com\/index.php?rest_route=\/wp\/v2\/types\/post"}],"author":[{"embeddable":true,"href":"https:\/\/infoluro.com\/index.php?rest_route=\/wp\/v2\/users\/2"}],"replies":[{"embeddable":true,"href":"https:\/\/infoluro.com\/index.php?rest_route=%2Fwp%2Fv2%2Fcomments&post=27755"}],"version-history":[{"count":1,"href":"https:\/\/infoluro.com\/index.php?rest_route=\/wp\/v2\/posts\/27755\/revisions"}],"predecessor-version":[{"id":27759,"href":"https:\/\/infoluro.com\/index.php?rest_route=\/wp\/v2\/posts\/27755\/revisions\/27759"}],"wp:featuredmedia":[{"embeddable":true,"href":"https:\/\/infoluro.com\/index.php?rest_route=\/wp\/v2\/media\/27756"}],"wp:attachment":[{"href":"https:\/\/infoluro.com\/index.php?rest_route=%2Fwp%2Fv2%2Fmedia&parent=27755"}],"wp:term":[{"taxonomy":"category","embeddable":true,"href":"https:\/\/infoluro.com\/index.php?rest_route=%2Fwp%2Fv2%2Fcategories&post=27755"},{"taxonomy":"post_tag","embeddable":true,"href":"https:\/\/infoluro.com\/index.php?rest_route=%2Fwp%2Fv2%2Ftags&post=27755"}],"curies":[{"name":"wp","href":"https:\/\/api.w.org\/{rel}","templated":true}]}}