{"id":27769,"date":"2025-09-25T10:45:55","date_gmt":"2025-09-25T13:45:55","guid":{"rendered":"https:\/\/infoluro.com\/?p=27769"},"modified":"2025-09-25T10:47:54","modified_gmt":"2025-09-25T13:47:54","slug":"policiales-busqueda-exitosa-de-una-menor-en-pedro-luro","status":"publish","type":"post","link":"https:\/\/infoluro.com\/?p=27769","title":{"rendered":"Policiales: B\u00fasqueda exitosa de una menor en Pedro Luro"},"content":{"rendered":"<p>&nbsp;<\/p>\n<p>&nbsp;<\/p>\n<p><b>PEDRO LURO, 25 DE SEPTIEMBRE<\/b> &#8211; Una menor de edad que se encontraba desaparecida fue hallada anoche en la v\u00eda p\u00fablica de Pedro Luro, luego de que su madre denunciara su ausencia en el destacamento policial local.<\/p>\n<div id=\"model-response-message-contentr_4ed2f3f8e1b13b9c\" class=\"markdown markdown-main-panel enable-updated-hr-color\" dir=\"ltr\">\n<p>La b\u00fasqueda se inici\u00f3 a las 20:20 horas del 24 de septiembre, cuando la madre se present\u00f3 en la comisar\u00eda para informar que su hija no aparec\u00eda. Seg\u00fan sus declaraciones, la menor, que ya ten\u00eda antecedentes de fugas anteriores de corta duraci\u00f3n, se habr\u00eda dirigido a la localidad de Hilario Ascasubi.<\/p>\n<p>Al momento de su desaparici\u00f3n, la joven vest\u00eda un buzo negro con capucha, jeans y zapatillas blancas. No llevaba consigo dinero ni un tel\u00e9fono m\u00f3vil, aunque s\u00ed manten\u00eda activas sus redes sociales. Las autoridades comenzaron de inmediato el operativo de b\u00fasqueda tras recibir la denuncia y una fotograf\u00eda de la menor.<\/p>\n<p>La exitosa localizaci\u00f3n de la joven se produjo a las 23:40 horas del mismo d\u00eda, cuando el personal policial la encontr\u00f3 caminando por la calle en la localidad mencionada.<\/p>\n<p>El caso fue puesto a disposici\u00f3n del <b>Dr. Dimas Garc\u00eda, de la Ayudant\u00eda Fiscal de Villarino<\/b>, y del personal de la <b>DDI de Bah\u00eda Blanca<\/b>, quienes se encargar\u00e1n de continuar con las actuaciones correspondientes.<\/p>\n<p>De esta Manera las Autoridades de Seguridad, Secretar\u00eda de Protecci\u00f3n Ciudadana, Polic\u00eda de Pedro Luro , Destacamento de Hilario Ascasubi y Patrulla Rural trabajaron en conjunto para resolver la situaci\u00f3n.<\/p>\n<p>Escuch\u00e1 la nota Realizada al Secretario de Protecci\u00f3n ciudadana Gustavo Pacheco a continuaci\u00f3n.<\/p>\n<!--[if lt IE 9]><script>document.createElement('audio');<\/script><![endif]-->\n<audio class=\"wp-audio-shortcode\" id=\"audio-27769-1\" preload=\"none\" style=\"width: 100%;\" controls=\"controls\"><source type=\"audio\/mpeg\" src=\"https:\/\/infoluro.com\/wp-content\/uploads\/2025\/09\/PACHECOJUEVES24.mp3?_=1\" \/><a href=\"https:\/\/infoluro.com\/wp-content\/uploads\/2025\/09\/PACHECOJUEVES24.mp3\">https:\/\/infoluro.com\/wp-content\/uploads\/2025\/09\/PACHECOJUEVES24.mp3<\/a><\/audio>\n<\/div>\n","protected":false},"excerpt":{"rendered":"<p>&nbsp; &nbsp; PEDRO LURO, 25 DE SEPTIEMBRE &#8211; Una menor de edad que se encontraba&#8230;<\/p>\n","protected":false},"author":2,"featured_media":27770,"comment_status":"closed","ping_status":"closed","sticky":false,"template":"","format":"standard","meta":{"footnotes":""},"categories":[45,12,14,2],"tags":[],"_links":{"self":[{"href":"https:\/\/infoluro.com\/index.php?rest_route=\/wp\/v2\/posts\/27769"}],"collection":[{"href":"https:\/\/infoluro.com\/index.php?rest_route=\/wp\/v2\/posts"}],"about":[{"href":"https:\/\/infoluro.com\/index.php?rest_route=\/wp\/v2\/types\/post"}],"author":[{"embeddable":true,"href":"https:\/\/infoluro.com\/index.php?rest_route=\/wp\/v2\/users\/2"}],"replies":[{"embeddable":true,"href":"https:\/\/infoluro.com\/index.php?rest_route=%2Fwp%2Fv2%2Fcomments&post=27769"}],"version-history":[{"count":3,"href":"https:\/\/infoluro.com\/index.php?rest_route=\/wp\/v2\/posts\/27769\/revisions"}],"predecessor-version":[{"id":27774,"href":"https:\/\/infoluro.com\/index.php?rest_route=\/wp\/v2\/posts\/27769\/revisions\/27774"}],"wp:featuredmedia":[{"embeddable":true,"href":"https:\/\/infoluro.com\/index.php?rest_route=\/wp\/v2\/media\/27770"}],"wp:attachment":[{"href":"https:\/\/infoluro.com\/index.php?rest_route=%2Fwp%2Fv2%2Fmedia&parent=27769"}],"wp:term":[{"taxonomy":"category","embeddable":true,"href":"https:\/\/infoluro.com\/index.php?rest_route=%2Fwp%2Fv2%2Fcategories&post=27769"},{"taxonomy":"post_tag","embeddable":true,"href":"https:\/\/infoluro.com\/index.php?rest_route=%2Fwp%2Fv2%2Ftags&post=27769"}],"curies":[{"name":"wp","href":"https:\/\/api.w.org\/{rel}","templated":true}]}}