{"id":27834,"date":"2025-10-01T12:24:48","date_gmt":"2025-10-01T15:24:48","guid":{"rendered":"https:\/\/infoluro.com\/?p=27834"},"modified":"2025-10-01T13:54:49","modified_gmt":"2025-10-01T16:54:49","slug":"latiendo-juntas-lanzan-en-pedro-luro-el-primer-encuentro-de-escucha-activa-para-la-mujer","status":"publish","type":"post","link":"https:\/\/infoluro.com\/?p=27834","title":{"rendered":"&#8220;Latiendo Juntas&#8221;: Lanzan en Pedro Luro el Primer Encuentro de Escucha Activa para la\u00a0 Mujer"},"content":{"rendered":"<p>&nbsp;<\/p>\n<p>&nbsp;<\/p>\n<p>El \u00c1rea de la Mujer, G\u00e9nero y Diversidad del Municipio de Villarino desarrollar\u00e1 un espacio de contenci\u00f3n y crecimiento.<\/p>\n<p>Se trata de &#8220;Latiendo Juntas&#8221;, cuyo primer encuentro se realizar\u00e1 el pr\u00f3ximo mi\u00e9rcoles 8 de octubre a las 19:30 horas en el Auditorio Municipal de Pedro Luro, ubicado detr\u00e1s de la globa.<\/p>\n<p>En di\u00e1logo con Carla Rodr\u00edguez, integrante del \u00c1rea di\u00f3 detalles de esta iniciativa que busca generar un espacio de escucha activa para acompa\u00f1ar, creando redes de contenci\u00f3n.<\/p>\n<p>&#8220;Acompa\u00f1amos a diario y en la semana aproximadamente 3 denuncias llegan. Los casos que atendemos son con denuncias hechas y adem\u00e1s atendemos a personas que se acercan voluntariamente, que han escuchado del \u00e1rea y que necesitan hablar porque no se animan a hablarlo con nadie m\u00e1s, porque lamentablemente, \ud835\uddf2\ud835\uddfb \ud835\uddfa\ud835\ude02\ud835\uddf0\ud835\uddf5\ud835\uddfc\ud835\ude00 \ud835\uddf9\ud835\ude02\ud835\uddf4\ud835\uddee\ud835\uddff\ud835\uddf2\ud835\ude00, \ud835\ude00\ud835\uddf6\ud835\uddf4\ud835\ude02\ud835\uddf2 \ud835\ude00\ud835\uddf6\ud835\uddf2\ud835\uddfb\ud835\uddf1\ud835\uddfc \ud835\ude02\ud835\uddfb \ud835\ude01\ud835\uddee\ud835\uddef\ud835\ude02\u0301 \ud835\uddf5\ud835\uddee\ud835\uddef\ud835\uddf9\ud835\uddee\ud835\uddff \ud835\uddf1\ud835\uddf2 \ud835\ude03\ud835\uddf6\ud835\uddfc\ud835\uddf9\ud835\uddf2\ud835\uddfb\ud835\uddf0\ud835\uddf6\ud835\uddee \ud835\uddf1\ud835\uddf2 \ud835\uddf4\ud835\uddf2\u0301\ud835\uddfb\ud835\uddf2\ud835\uddff\ud835\uddfc. Entonces, el \u00e1rea brinda ese lugar, incluso hemos intervenido. Hay una l\u00ednea muy difundida que es el 144, que es una l\u00ednea provincial que articula con las \u00e1reas de los distritos, y han llegado incluso casos por la l\u00ednea 144. Quiero decir, intervenimos por muchas v\u00edas. Entonces, ah\u00ed nos acercamos a muchos casos&#8221;,coment\u00f3 Carla Rodriguez integrante del \u00e1rea de la Mujer ,G\u00e9nero y Diversidad del Municipio de Villarino .<\/p>\n<p>Escucha, Visibilidad y Autonom\u00eda<\/p>\n<p>El espacio se ha creado con la firme intenci\u00f3n de \ud835\uddf2\ud835\ude00\ud835\uddf0\ud835\ude02\ud835\uddf0\ud835\uddf5\ud835\uddee\ud835\uddff \ud835\uddee \ud835\uddf9\ud835\uddee\ud835\ude00 \ud835\uddfa\ud835\ude02\ud835\uddf7\ud835\uddf2\ud835\uddff\ud835\uddf2\ud835\ude00 y personas que est\u00e1n transitando violencia de g\u00e9nero.<\/p>\n<p>El objetivo central de &#8220;Latiendo Juntas&#8221; es promover la autonom\u00eda, ofreciendo el apoyo necesario para tomar decisiones y avanzar con las herramientas proporcionadas.<\/p>\n<p>Escuch\u00e1 la nota realizada a la Integrante del \u00c1rea de la Mujer de Villarino www.infoluro.com<\/p>\n<!--[if lt IE 9]><script>document.createElement('audio');<\/script><![endif]-->\n<audio class=\"wp-audio-shortcode\" id=\"audio-27834-1\" preload=\"none\" style=\"width: 100%;\" controls=\"controls\"><source type=\"audio\/mpeg\" src=\"https:\/\/infoluro.com\/wp-content\/uploads\/2025\/10\/CARLA-RODRIGUEZ.mp3?_=1\" \/><a href=\"https:\/\/infoluro.com\/wp-content\/uploads\/2025\/10\/CARLA-RODRIGUEZ.mp3\">https:\/\/infoluro.com\/wp-content\/uploads\/2025\/10\/CARLA-RODRIGUEZ.mp3<\/a><\/audio>\n<p>&nbsp;<\/p>\n<p><img loading=\"lazy\" decoding=\"async\" class=\"alignnone size-medium wp-image-27836\" src=\"https:\/\/infoluro.com\/wp-content\/uploads\/2025\/10\/WhatsApp-Image-2025-10-01-at-09.08.52-169x300.jpeg\" alt=\"\" width=\"169\" height=\"300\" srcset=\"https:\/\/infoluro.com\/wp-content\/uploads\/2025\/10\/WhatsApp-Image-2025-10-01-at-09.08.52-169x300.jpeg 169w, https:\/\/infoluro.com\/wp-content\/uploads\/2025\/10\/WhatsApp-Image-2025-10-01-at-09.08.52-576x1024.jpeg 576w, https:\/\/infoluro.com\/wp-content\/uploads\/2025\/10\/WhatsApp-Image-2025-10-01-at-09.08.52.jpeg 720w\" sizes=\"(max-width: 169px) 100vw, 169px\" \/>\u00a0 \u00a0 \u00a0 \u00a0 \u00a0 \u00a0 \u00a0 \u00a0 \u00a0 \u00a0 \u00a0 \u00a0 \u00a0 \u00a0 \u00a0 \u00a0 \u00a0 \u00a0 \u00a0 \u00a0 <img loading=\"lazy\" decoding=\"async\" class=\"alignnone size-medium wp-image-27835\" src=\"https:\/\/infoluro.com\/wp-content\/uploads\/2025\/10\/WhatsApp-Image-2025-10-01-at-12.12.01-195x300.jpeg\" alt=\"\" width=\"195\" height=\"300\" srcset=\"https:\/\/infoluro.com\/wp-content\/uploads\/2025\/10\/WhatsApp-Image-2025-10-01-at-12.12.01-195x300.jpeg 195w, https:\/\/infoluro.com\/wp-content\/uploads\/2025\/10\/WhatsApp-Image-2025-10-01-at-12.12.01-666x1024.jpeg 666w, https:\/\/infoluro.com\/wp-content\/uploads\/2025\/10\/WhatsApp-Image-2025-10-01-at-12.12.01-768x1180.jpeg 768w, https:\/\/infoluro.com\/wp-content\/uploads\/2025\/10\/WhatsApp-Image-2025-10-01-at-12.12.01.jpeg 833w\" sizes=\"(max-width: 195px) 100vw, 195px\" \/><\/p>\n<p>Carla Rodriguez, Integrante del \u00c1rea de la Mujer ,G\u00e9nero Y Diversidad\u00a0 \u00a0 \u00a0 \u00a0 \u00a0 \u00a0 \u00a0 \u00a0 \u00a0 \u00a0 \u00a0 \u00a0 \u00a0 \u00a0 \u00a0 \u00a0 \u00a0 \u00a0 \u00a0 \u00a0 \u00a0 \u00a0 \u00a0 \u00a0 \u00a0 \u00a0 \u00a0 \u00a0 \u00a0 \u00a0 \u00a0 \u00a0 \u00a0 \u00a0 \u00a0 \u00a0 \u00a0 \u00a0 \u00a0 \u00a0 \u00a0 \u00a0 \u00a0del Municipio de Villarino<\/p>\n<p>&nbsp;<\/p>\n","protected":false},"excerpt":{"rendered":"<p>&nbsp; &nbsp; El \u00c1rea de la Mujer, G\u00e9nero y Diversidad del Municipio de Villarino desarrollar\u00e1&#8230;<\/p>\n","protected":false},"author":2,"featured_media":27841,"comment_status":"closed","ping_status":"closed","sticky":false,"template":"","format":"standard","meta":{"footnotes":""},"categories":[45,12,4,14,9],"tags":[],"_links":{"self":[{"href":"https:\/\/infoluro.com\/index.php?rest_route=\/wp\/v2\/posts\/27834"}],"collection":[{"href":"https:\/\/infoluro.com\/index.php?rest_route=\/wp\/v2\/posts"}],"about":[{"href":"https:\/\/infoluro.com\/index.php?rest_route=\/wp\/v2\/types\/post"}],"author":[{"embeddable":true,"href":"https:\/\/infoluro.com\/index.php?rest_route=\/wp\/v2\/users\/2"}],"replies":[{"embeddable":true,"href":"https:\/\/infoluro.com\/index.php?rest_route=%2Fwp%2Fv2%2Fcomments&post=27834"}],"version-history":[{"count":3,"href":"https:\/\/infoluro.com\/index.php?rest_route=\/wp\/v2\/posts\/27834\/revisions"}],"predecessor-version":[{"id":27843,"href":"https:\/\/infoluro.com\/index.php?rest_route=\/wp\/v2\/posts\/27834\/revisions\/27843"}],"wp:featuredmedia":[{"embeddable":true,"href":"https:\/\/infoluro.com\/index.php?rest_route=\/wp\/v2\/media\/27841"}],"wp:attachment":[{"href":"https:\/\/infoluro.com\/index.php?rest_route=%2Fwp%2Fv2%2Fmedia&parent=27834"}],"wp:term":[{"taxonomy":"category","embeddable":true,"href":"https:\/\/infoluro.com\/index.php?rest_route=%2Fwp%2Fv2%2Fcategories&post=27834"},{"taxonomy":"post_tag","embeddable":true,"href":"https:\/\/infoluro.com\/index.php?rest_route=%2Fwp%2Fv2%2Ftags&post=27834"}],"curies":[{"name":"wp","href":"https:\/\/api.w.org\/{rel}","templated":true}]}}