{"id":27889,"date":"2025-10-06T22:48:56","date_gmt":"2025-10-07T01:48:56","guid":{"rendered":"https:\/\/infoluro.com\/?p=27889"},"modified":"2025-10-06T22:48:56","modified_gmt":"2025-10-07T01:48:56","slug":"distincion-unanime-yonatan-mansilla-fue-reconocido-en-el-h-c-d-zonal-como-villarinense-sobresaliente","status":"publish","type":"post","link":"https:\/\/infoluro.com\/?p=27889","title":{"rendered":"Distinci\u00f3n Un\u00e1nime: Yonatan Mansilla fu\u00e9 Reconocido en el H.C.D Zonal como Villarinense Sobresaliente"},"content":{"rendered":"<p>&nbsp;<\/p>\n<p>&nbsp;<\/p>\n<p>El Artista Lurense con Raices Santiague\u00f1as Yonatan Mansilla comparti\u00f3 detalles de su reciente viaje a Santiago del Estero, un lugar al que siente profundamente ligado por sus ra\u00edces familiares biol\u00f3gicas. El artista estuvo de recorrida musical por distintas ciudades, destacando el circuito musical del noroeste argentino.<\/p>\n<p>&#8220;Siempre que puedo voy a visitar a mi familia: hermanos, madre, t\u00edos, primos&#8221;, coment\u00f3 Mansilla. De hecho, expres\u00f3 su deseo de vivir en la provincia en el futuro.<\/p>\n<p>El motivo principal de su viaje fue una presentaci\u00f3n en la ciudad de Ram\u00edrez de Velazco, fu\u00e9 a brindar un show en una escuela que celebraba su centenario (fundada en 1925). Adem\u00e1s, se present\u00f3 en bares de Sumampa y Ojo de Agua, ciudades que forman parte de la provincia de Santiago del Estero. El m\u00fasico destac\u00f3 que, siempre hay trabajo para el folklore, con pe\u00f1as, festivales y eventos.<\/p>\n<p>Un Honor Inmenso: &#8220;Villarinense Sobresaliente&#8221;<\/p>\n<p>La sorpresa para el artista fue el reconocimiento otorgado por el Concejo Deliberante de Villarino, que aprob\u00f3 nombrarlo Villarinense sobresaliente por su trayectoria musical, el proyecto fue aprobado por unanimidad.<\/p>\n<p>Se enter\u00f3 de la noticia estando en Santiago, &#8220;Para m\u00ed es un honor inmenso poder representar a Villarino y a mi pueblo de Pedro Luro en cada escenario, en cada provincia, en cada competencia&#8221;,afirm\u00f3 el m\u00fasico de 27 a\u00f1os, que lleva 22 a\u00f1os de trayectoria.<\/p>\n<p>Este nombramiento es un reconocimiento a su profesionalismo y dedicaci\u00f3n. Yoni expres\u00f3 la alegr\u00eda y orgullo de sus padres y les agradeci\u00f3, adem\u00e1s celebraron la noticia con un asado.<\/p>\n<p>Escuch\u00e1 la noticia a continuaci\u00f3n.<\/p>\n<p>&nbsp;<\/p>\n<!--[if lt IE 9]><script>document.createElement('audio');<\/script><![endif]-->\n<audio class=\"wp-audio-shortcode\" id=\"audio-27889-1\" preload=\"none\" style=\"width: 100%;\" controls=\"controls\"><source type=\"audio\/mpeg\" src=\"https:\/\/infoluro.com\/wp-content\/uploads\/2025\/10\/REALYONI.mp3?_=1\" \/><a href=\"https:\/\/infoluro.com\/wp-content\/uploads\/2025\/10\/REALYONI.mp3\">https:\/\/infoluro.com\/wp-content\/uploads\/2025\/10\/REALYONI.mp3<\/a><\/audio>\n<p>&nbsp;<\/p>\n<p><img loading=\"lazy\" decoding=\"async\" class=\"alignnone size-medium wp-image-27894\" src=\"https:\/\/infoluro.com\/wp-content\/uploads\/2025\/10\/WhatsApp-Image-2025-10-06-at-14.09.46-1-285x300.jpeg\" alt=\"\" width=\"285\" height=\"300\" srcset=\"https:\/\/infoluro.com\/wp-content\/uploads\/2025\/10\/WhatsApp-Image-2025-10-06-at-14.09.46-1-285x300.jpeg 285w, https:\/\/infoluro.com\/wp-content\/uploads\/2025\/10\/WhatsApp-Image-2025-10-06-at-14.09.46-1-972x1024.jpeg 972w, https:\/\/infoluro.com\/wp-content\/uploads\/2025\/10\/WhatsApp-Image-2025-10-06-at-14.09.46-1-768x809.jpeg 768w, https:\/\/infoluro.com\/wp-content\/uploads\/2025\/10\/WhatsApp-Image-2025-10-06-at-14.09.46-1-1024x1079.jpeg 1024w, https:\/\/infoluro.com\/wp-content\/uploads\/2025\/10\/WhatsApp-Image-2025-10-06-at-14.09.46-1.jpeg 1287w\" sizes=\"(max-width: 285px) 100vw, 285px\" \/>\u00a0 \u00a0 \u00a0 \u00a0 \u00a0 \u00a0 \u00a0 \u00a0 \u00a0 \u00a0 \u00a0 \u00a0 \u00a0 \u00a0 \u00a0 \u00a0 <img loading=\"lazy\" decoding=\"async\" class=\"alignnone size-medium wp-image-27893\" src=\"https:\/\/infoluro.com\/wp-content\/uploads\/2025\/10\/WhatsApp-Image-2025-10-06-at-14.09.11-251x300.jpeg\" alt=\"\" width=\"251\" height=\"300\" srcset=\"https:\/\/infoluro.com\/wp-content\/uploads\/2025\/10\/WhatsApp-Image-2025-10-06-at-14.09.11-251x300.jpeg 251w, https:\/\/infoluro.com\/wp-content\/uploads\/2025\/10\/WhatsApp-Image-2025-10-06-at-14.09.11.jpeg 560w\" sizes=\"(max-width: 251px) 100vw, 251px\" \/><\/p>\n<p>&nbsp;<\/p>\n<p>&nbsp;<\/p>\n<p>&nbsp;<\/p>\n<p>&nbsp;<\/p>\n<p>&nbsp;<\/p>\n<p>&nbsp;<\/p>\n<p>&nbsp;<\/p>\n<p>&nbsp;<\/p>\n","protected":false},"excerpt":{"rendered":"<p>&nbsp; &nbsp; El Artista Lurense con Raices Santiague\u00f1as Yonatan Mansilla comparti\u00f3 detalles de su reciente&#8230;<\/p>\n","protected":false},"author":2,"featured_media":27891,"comment_status":"closed","ping_status":"closed","sticky":false,"template":"","format":"standard","meta":{"footnotes":""},"categories":[45,12,4,14,9],"tags":[],"_links":{"self":[{"href":"https:\/\/infoluro.com\/index.php?rest_route=\/wp\/v2\/posts\/27889"}],"collection":[{"href":"https:\/\/infoluro.com\/index.php?rest_route=\/wp\/v2\/posts"}],"about":[{"href":"https:\/\/infoluro.com\/index.php?rest_route=\/wp\/v2\/types\/post"}],"author":[{"embeddable":true,"href":"https:\/\/infoluro.com\/index.php?rest_route=\/wp\/v2\/users\/2"}],"replies":[{"embeddable":true,"href":"https:\/\/infoluro.com\/index.php?rest_route=%2Fwp%2Fv2%2Fcomments&post=27889"}],"version-history":[{"count":1,"href":"https:\/\/infoluro.com\/index.php?rest_route=\/wp\/v2\/posts\/27889\/revisions"}],"predecessor-version":[{"id":27895,"href":"https:\/\/infoluro.com\/index.php?rest_route=\/wp\/v2\/posts\/27889\/revisions\/27895"}],"wp:featuredmedia":[{"embeddable":true,"href":"https:\/\/infoluro.com\/index.php?rest_route=\/wp\/v2\/media\/27891"}],"wp:attachment":[{"href":"https:\/\/infoluro.com\/index.php?rest_route=%2Fwp%2Fv2%2Fmedia&parent=27889"}],"wp:term":[{"taxonomy":"category","embeddable":true,"href":"https:\/\/infoluro.com\/index.php?rest_route=%2Fwp%2Fv2%2Fcategories&post=27889"},{"taxonomy":"post_tag","embeddable":true,"href":"https:\/\/infoluro.com\/index.php?rest_route=%2Fwp%2Fv2%2Ftags&post=27889"}],"curies":[{"name":"wp","href":"https:\/\/api.w.org\/{rel}","templated":true}]}}