{"id":27897,"date":"2025-10-08T23:51:41","date_gmt":"2025-10-09T02:51:41","guid":{"rendered":"https:\/\/infoluro.com\/?p=27897"},"modified":"2025-10-08T23:51:41","modified_gmt":"2025-10-09T02:51:41","slug":"la-region-se-viene-un-nuevo-aniversario-de-villalonga","status":"publish","type":"post","link":"https:\/\/infoluro.com\/?p=27897","title":{"rendered":"La Regi\u00f3n : Se viene un Nuevo Aniversario de Villalonga"},"content":{"rendered":"<div id=\"model-response-message-contentr_f776bbbc879b0a4e\" class=\"markdown markdown-main-panel enable-updated-hr-color\" dir=\"ltr\">\n<p>&nbsp;<\/p>\n<p>&nbsp;<\/p>\n<p>La localidad de Villalonga cumple 96 a\u00f1os y lo festeja con todo<\/p>\n<p>Si bien en mayo se mantiene el acto protocolar de la fecha oficial, la fiesta popular se llevar\u00e1 a cabo esta semana de octubre (d\u00edas 10,11 y 12).<\/p>\n<p>Joana Heguy (integrante de la comisi\u00f3n de Festejos), explic\u00f3 la raz\u00f3n del cambio: &#8220;En la \u00e9poca donde Villalonga cumple los a\u00f1os hace mucho fr\u00edo. Las fiestas nos costaban much\u00edsimo por el tema del fr\u00edo. Hubo un a\u00f1o en que ve\u00edamos como todas las carpitas del patio de comida como se iban congelando&#8221;.<\/p>\n<p>\u00c9xito de Convocatoria y Cronograma Amplio:<br \/>\nLa decisi\u00f3n ha sido acompa\u00f1ada por una amplia respuesta de comerciantes y artesanos. Heguy coment\u00f3 que la demanda super\u00f3 todas las expectativas, obligando a cerrar las inscripciones antes de la fecha l\u00edmite.<\/p>\n<p>&#8220;Tuvimos que cerrar las inscripciones antes por la demanda que hubo, la verdad que el predio es as\u00ed tal cual lo tenemos. Este a\u00f1o ha explotado&#8221;, asegur\u00f3 la villalonguense.<\/p>\n<p>La Comisi\u00f3n de Festejos, que trabaja todo el a\u00f1o, incluso con rifas y eventos para recaudar fondos, ha preparado un amplio cronograma.<\/p>\n<p>Viernes 10 de octubre: La apertura es a las 20:30 hs, pensando en que la gente salga de trabajar, para poder as\u00ed, disfrutar de los festejos.<\/p>\n<p>S\u00e1bado 11 de octubre: Las actividades comienzan a las 15:00 hs\u00a0 incluyen escuelas de danza, grupos de zumba, folklore etc. El plato fuerte de la noche es la presentaci\u00f3n de Los Totora. La fiesta se extiende hasta las 4 de la ma\u00f1ana con baile.<\/p>\n<p>Domingo 12 de octubre: Las actividades arrancan a las 15:00 hs, y finalizar\u00e1n a las 19:00 horas.<\/p>\n<p>&#8220;Hay de todo, hay rock, hay cumbia, hay folklore&#8230; Hacemos una fiesta para todos&#8221;, afirm\u00f3 la integrante de la Comisi\u00f3n invitando a todos los villalonguenses y gente de la zona a disfrutar del evento.<\/p>\n<p>Escuch\u00e1 la nota completa a continuaci\u00f3n.<\/p>\n<!--[if lt IE 9]><script>document.createElement('audio');<\/script><![endif]-->\n<audio class=\"wp-audio-shortcode\" id=\"audio-27897-1\" preload=\"none\" style=\"width: 100%;\" controls=\"controls\"><source type=\"audio\/mpeg\" src=\"https:\/\/infoluro.com\/wp-content\/uploads\/2025\/10\/WhatsApp-Audio-2025-10-08-at-13.16.10.mp3?_=1\" \/><a href=\"https:\/\/infoluro.com\/wp-content\/uploads\/2025\/10\/WhatsApp-Audio-2025-10-08-at-13.16.10.mp3\">https:\/\/infoluro.com\/wp-content\/uploads\/2025\/10\/WhatsApp-Audio-2025-10-08-at-13.16.10.mp3<\/a><\/audio>\n<\/div>\n<p><img loading=\"lazy\" decoding=\"async\" class=\"alignnone size-medium wp-image-27899\" src=\"https:\/\/infoluro.com\/wp-content\/uploads\/2025\/10\/557502676_810228351385427_2246480810601497982_n-169x300.jpg\" alt=\"\" width=\"169\" height=\"300\" srcset=\"https:\/\/infoluro.com\/wp-content\/uploads\/2025\/10\/557502676_810228351385427_2246480810601497982_n-169x300.jpg 169w, https:\/\/infoluro.com\/wp-content\/uploads\/2025\/10\/557502676_810228351385427_2246480810601497982_n-576x1024.jpg 576w, https:\/\/infoluro.com\/wp-content\/uploads\/2025\/10\/557502676_810228351385427_2246480810601497982_n-768x1365.jpg 768w, https:\/\/infoluro.com\/wp-content\/uploads\/2025\/10\/557502676_810228351385427_2246480810601497982_n-864x1536.jpg 864w, https:\/\/infoluro.com\/wp-content\/uploads\/2025\/10\/557502676_810228351385427_2246480810601497982_n-1024x1820.jpg 1024w, https:\/\/infoluro.com\/wp-content\/uploads\/2025\/10\/557502676_810228351385427_2246480810601497982_n.jpg 1152w\" sizes=\"(max-width: 169px) 100vw, 169px\" \/><\/p>\n<div id=\"model-response-message-contentr_f776bbbc879b0a4e\" class=\"markdown markdown-main-panel enable-updated-hr-color\" dir=\"ltr\">\n<p>&nbsp;<\/p>\n<\/div>\n","protected":false},"excerpt":{"rendered":"<p>&nbsp; &nbsp; La localidad de Villalonga cumple 96 a\u00f1os y lo festeja con todo Si&#8230;<\/p>\n","protected":false},"author":2,"featured_media":27901,"comment_status":"closed","ping_status":"closed","sticky":false,"template":"","format":"standard","meta":{"footnotes":""},"categories":[45,12,4,51,10],"tags":[],"_links":{"self":[{"href":"https:\/\/infoluro.com\/index.php?rest_route=\/wp\/v2\/posts\/27897"}],"collection":[{"href":"https:\/\/infoluro.com\/index.php?rest_route=\/wp\/v2\/posts"}],"about":[{"href":"https:\/\/infoluro.com\/index.php?rest_route=\/wp\/v2\/types\/post"}],"author":[{"embeddable":true,"href":"https:\/\/infoluro.com\/index.php?rest_route=\/wp\/v2\/users\/2"}],"replies":[{"embeddable":true,"href":"https:\/\/infoluro.com\/index.php?rest_route=%2Fwp%2Fv2%2Fcomments&post=27897"}],"version-history":[{"count":1,"href":"https:\/\/infoluro.com\/index.php?rest_route=\/wp\/v2\/posts\/27897\/revisions"}],"predecessor-version":[{"id":27902,"href":"https:\/\/infoluro.com\/index.php?rest_route=\/wp\/v2\/posts\/27897\/revisions\/27902"}],"wp:featuredmedia":[{"embeddable":true,"href":"https:\/\/infoluro.com\/index.php?rest_route=\/wp\/v2\/media\/27901"}],"wp:attachment":[{"href":"https:\/\/infoluro.com\/index.php?rest_route=%2Fwp%2Fv2%2Fmedia&parent=27897"}],"wp:term":[{"taxonomy":"category","embeddable":true,"href":"https:\/\/infoluro.com\/index.php?rest_route=%2Fwp%2Fv2%2Fcategories&post=27897"},{"taxonomy":"post_tag","embeddable":true,"href":"https:\/\/infoluro.com\/index.php?rest_route=%2Fwp%2Fv2%2Ftags&post=27897"}],"curies":[{"name":"wp","href":"https:\/\/api.w.org\/{rel}","templated":true}]}}