{"id":27904,"date":"2025-10-14T10:39:41","date_gmt":"2025-10-14T13:39:41","guid":{"rendered":"https:\/\/infoluro.com\/?p=27904"},"modified":"2025-10-14T10:47:27","modified_gmt":"2025-10-14T13:47:27","slug":"nueva-medida-de-fuerza-de-los-docentes-este-martes-los-maestros-paran-por-24-horas","status":"publish","type":"post","link":"https:\/\/infoluro.com\/?p=27904","title":{"rendered":"Nueva medida de fuerza de los docentes: este martes, los maestros paran por 24 horas"},"content":{"rendered":"<p>&nbsp;<\/p>\n<div class=\"xdj266r x14z9mp xat24cr x1lziwak x1vvkbs x126k92a\">\n<div dir=\"auto\"><\/div>\n<\/div>\n<div class=\"x14z9mp xat24cr x1lziwak x1vvkbs xtlvy1s x126k92a\">\n<div dir=\"auto\">La medida de fuerza es impulsada por la Confederaci\u00f3n de Trabajadores de la Educaci\u00f3n de la Rep\u00fablica Argentina (CTERA) y se debe a la falta de convocatoria del Gobierno a la paritaria nacional del sector.<\/div>\n<\/div>\n<div class=\"x14z9mp xat24cr x1lziwak x1vvkbs xtlvy1s x126k92a\">\n<div dir=\"auto\">El Frente de Unidad Docente Bonaerense confirm\u00f3 su adhesi\u00f3n a la medida de fuerza, e incluso sus integrantes (AMET, FEB, Sadop, Suteba y Udocba) ratificaron la decisi\u00f3n ante el &#8220;recorte salarial y el ajuste&#8221; del Gobierno.<\/div>\n<div dir=\"auto\"><\/div>\n<\/div>\n<div class=\"x14z9mp xat24cr x1lziwak x1vvkbs xtlvy1s x126k92a\">\n<div dir=\"auto\">Con la medida de fuerza, CTERA reclama los siguientes puntos:<\/div>\n<div dir=\"auto\"><\/div>\n<\/div>\n<div class=\"x14z9mp xat24cr x1lziwak x1vvkbs xtlvy1s x126k92a\">\n<div dir=\"auto\">\u2022 Una nueva Ley de Financiamiento Educativo.<\/div>\n<\/div>\n<div class=\"x14z9mp xat24cr x1lziwak x1vvkbs xtlvy1s x126k92a\">\n<div dir=\"auto\">\u2022 La convocatoria a la paritaria nacional docente.<\/div>\n<\/div>\n<div class=\"x14z9mp xat24cr x1lziwak x1vvkbs xtlvy1s x126k92a\">\n<div dir=\"auto\">\u2022 La restituci\u00f3n del Fondo Nacional de Incentivo Docente (FONID) y el pago de las sumas adeudadas.<\/div>\n<\/div>\n<div class=\"x14z9mp xat24cr x1lziwak x1vvkbs xtlvy1s x126k92a\">\n<div dir=\"auto\">\u2022 El aumento del presupuesto educativo y fondos para infraestructura escolar.<\/div>\n<\/div>\n<div class=\"x14z9mp xat24cr x1lziwak x1vvkbs xtlvy1s x126k92a\">\n<div dir=\"auto\">\u2022 Mejoras salariales y laborales para el sector.<\/div>\n<\/div>\n<div class=\"x14z9mp xat24cr x1lziwak x1vvkbs xtlvy1s x126k92a\">\n<div dir=\"auto\">\u2022 Defensa de los derechos previsionales y de las jubilaciones docentes.<\/div>\n<\/div>\n<div class=\"x14z9mp xat24cr x1lziwak x1vvkbs xtlvy1s x126k92a\">\n<div dir=\"auto\">La medida de fuerza tiene alcance nacional, por ello la mayor\u00eda de las escuelas p\u00fablicas del pa\u00eds cerrar\u00e1n sus puertas.<\/div>\n<div dir=\"auto\"><\/div>\n<\/div>\n<div class=\"x14z9mp xat24cr x1lziwak x1vvkbs xtlvy1s x126k92a\">\n<div dir=\"auto\">\ud835\ude4b\ud835\ude4d\ud835\ude40\ud835\ude4e\ud835\ude50\ud835\ude4b\ud835\ude50\ud835\ude40\ud835\ude4e\ud835\ude4f\ud835\ude4a<\/div>\n<\/div>\n<div class=\"x14z9mp xat24cr x1lziwak x1vvkbs xtlvy1s x126k92a\">\n<div dir=\"auto\">Desde CTERA tambi\u00e9n rechazaron el Presupuesto 2026 presentado por el presidente Javier Milei, al que calificaron como &#8220;un ataque directo a la educaci\u00f3n p\u00fablica&#8221;. El documento oficial incluye el fin de la obligaci\u00f3n que tiene el Estado de invertir 6 % del PBI en el sistema educativo.<\/div>\n<\/div>\n<div class=\"x14z9mp xat24cr x1lziwak x1vvkbs xtlvy1s x126k92a\">\n<div dir=\"auto\">El Presupuesto 2026 fija 4,8 billones de pesos en las partidas para las universidades nacionales. El art\u00edculo 30 de la propuesta oficial, el Ejecutivo busca derogar la obligaci\u00f3n que tiene el Estado de invertir 6 % del PBI en educaci\u00f3n, que surge de la ley 26.206.<\/div>\n<\/div>\n<div class=\"x14z9mp xat24cr x1lziwak x1vvkbs xtlvy1s x126k92a\">\n<div dir=\"auto\">El a\u00f1o pasado, la hoja de estimaci\u00f3n de ingresos y gastos suspend\u00eda esta norma de 2006 y que se cumpli\u00f3 solo por 12 meses.<\/div>\n<\/div>\n<div dir=\"auto\"><\/div>\n<div class=\"x14z9mp xat24cr x1lziwak x1vvkbs xtlvy1s x126k92a\">\n<div dir=\"auto\"><span class=\"html-span xdj266r x14z9mp xat24cr x1lziwak xexx8yu xyri2b x18d9i69 x1c1uobl x1hl2dhg x16tdsg8 x1vvkbs\"><a class=\"x1i10hfl xjbqb8w x1ejq31n x18oe1m7 x1sy0etr xstzfhl x972fbf x10w94by x1qhh985 x14e42zd x9f619 x1ypdohk xt0psk2 x3ct3a4 xdj266r x14z9mp xat24cr x1lziwak xexx8yu xyri2b x18d9i69 x1c1uobl x16tdsg8 x1hl2dhg xggy1nq x1a2a7pz xkrqix3 x1sur9pj x1fey0fg x1s688f\" tabindex=\"0\" role=\"link\" href=\"https:\/\/www.facebook.com\/hashtag\/info?__cft__[0]=AZX_lrgPNQZZiJJhr9dq2HVqm4j_IvOssrdf3WTBKjoXvw_EFMonw330TiSzVwYfx4R9VVskdJ10t3-3xW5JDPAQFKiZcoc149cOnjFXdCeXH2Q1W7cUKER-JUU9TL7a0CLlL-054Ux-4uXHLd4vAiyX&amp;__tn__=*NK-R\">#Info<\/a><\/span> <span class=\"html-span xdj266r x14z9mp xat24cr x1lziwak xexx8yu xyri2b x18d9i69 x1c1uobl x1hl2dhg x16tdsg8 x1vvkbs\"><a class=\"x1i10hfl xjbqb8w x1ejq31n x18oe1m7 x1sy0etr xstzfhl x972fbf x10w94by x1qhh985 x14e42zd x9f619 x1ypdohk xt0psk2 x3ct3a4 xdj266r x14z9mp xat24cr x1lziwak xexx8yu xyri2b x18d9i69 x1c1uobl x16tdsg8 x1hl2dhg xggy1nq x1a2a7pz xkrqix3 x1sur9pj x1fey0fg x1s688f\" tabindex=\"0\" role=\"link\" href=\"https:\/\/www.facebook.com\/hashtag\/noticias?__cft__[0]=AZX_lrgPNQZZiJJhr9dq2HVqm4j_IvOssrdf3WTBKjoXvw_EFMonw330TiSzVwYfx4R9VVskdJ10t3-3xW5JDPAQFKiZcoc149cOnjFXdCeXH2Q1W7cUKER-JUU9TL7a0CLlL-054Ux-4uXHLd4vAiyX&amp;__tn__=*NK-R\">#noticias<\/a><\/span> <span class=\"html-span xdj266r x14z9mp xat24cr x1lziwak xexx8yu xyri2b x18d9i69 x1c1uobl x1hl2dhg x16tdsg8 x1vvkbs\"><a class=\"x1i10hfl xjbqb8w x1ejq31n x18oe1m7 x1sy0etr xstzfhl x972fbf x10w94by x1qhh985 x14e42zd x9f619 x1ypdohk xt0psk2 x3ct3a4 xdj266r x14z9mp xat24cr x1lziwak xexx8yu xyri2b x18d9i69 x1c1uobl x16tdsg8 x1hl2dhg xggy1nq x1a2a7pz xkrqix3 x1sur9pj x1fey0fg x1s688f\" tabindex=\"0\" role=\"link\" href=\"https:\/\/www.facebook.com\/hashtag\/argentina?__cft__[0]=AZX_lrgPNQZZiJJhr9dq2HVqm4j_IvOssrdf3WTBKjoXvw_EFMonw330TiSzVwYfx4R9VVskdJ10t3-3xW5JDPAQFKiZcoc149cOnjFXdCeXH2Q1W7cUKER-JUU9TL7a0CLlL-054Ux-4uXHLd4vAiyX&amp;__tn__=*NK-R\">#argentina<\/a><\/span> <span class=\"html-span xdj266r x14z9mp xat24cr x1lziwak xexx8yu xyri2b x18d9i69 x1c1uobl x1hl2dhg x16tdsg8 x1vvkbs\"><a class=\"x1i10hfl xjbqb8w x1ejq31n x18oe1m7 x1sy0etr xstzfhl x972fbf x10w94by x1qhh985 x14e42zd x9f619 x1ypdohk xt0psk2 x3ct3a4 xdj266r x14z9mp xat24cr x1lziwak xexx8yu xyri2b x18d9i69 x1c1uobl x16tdsg8 x1hl2dhg xggy1nq x1a2a7pz xkrqix3 x1sur9pj x1fey0fg x1s688f\" tabindex=\"0\" role=\"link\" href=\"https:\/\/www.facebook.com\/hashtag\/education?__cft__[0]=AZX_lrgPNQZZiJJhr9dq2HVqm4j_IvOssrdf3WTBKjoXvw_EFMonw330TiSzVwYfx4R9VVskdJ10t3-3xW5JDPAQFKiZcoc149cOnjFXdCeXH2Q1W7cUKER-JUU9TL7a0CLlL-054Ux-4uXHLd4vAiyX&amp;__tn__=*NK-R\">#education<\/a><\/span><\/div>\n<\/div>\n<p>&nbsp;<\/p>\n","protected":false},"excerpt":{"rendered":"<p>&nbsp; La medida de fuerza es impulsada por la Confederaci\u00f3n de Trabajadores de la Educaci\u00f3n&#8230;<\/p>\n","protected":false},"author":2,"featured_media":27905,"comment_status":"closed","ping_status":"closed","sticky":false,"template":"","format":"standard","meta":{"footnotes":""},"categories":[45,12,4,14,51,9],"tags":[],"_links":{"self":[{"href":"https:\/\/infoluro.com\/index.php?rest_route=\/wp\/v2\/posts\/27904"}],"collection":[{"href":"https:\/\/infoluro.com\/index.php?rest_route=\/wp\/v2\/posts"}],"about":[{"href":"https:\/\/infoluro.com\/index.php?rest_route=\/wp\/v2\/types\/post"}],"author":[{"embeddable":true,"href":"https:\/\/infoluro.com\/index.php?rest_route=\/wp\/v2\/users\/2"}],"replies":[{"embeddable":true,"href":"https:\/\/infoluro.com\/index.php?rest_route=%2Fwp%2Fv2%2Fcomments&post=27904"}],"version-history":[{"count":1,"href":"https:\/\/infoluro.com\/index.php?rest_route=\/wp\/v2\/posts\/27904\/revisions"}],"predecessor-version":[{"id":27906,"href":"https:\/\/infoluro.com\/index.php?rest_route=\/wp\/v2\/posts\/27904\/revisions\/27906"}],"wp:featuredmedia":[{"embeddable":true,"href":"https:\/\/infoluro.com\/index.php?rest_route=\/wp\/v2\/media\/27905"}],"wp:attachment":[{"href":"https:\/\/infoluro.com\/index.php?rest_route=%2Fwp%2Fv2%2Fmedia&parent=27904"}],"wp:term":[{"taxonomy":"category","embeddable":true,"href":"https:\/\/infoluro.com\/index.php?rest_route=%2Fwp%2Fv2%2Fcategories&post=27904"},{"taxonomy":"post_tag","embeddable":true,"href":"https:\/\/infoluro.com\/index.php?rest_route=%2Fwp%2Fv2%2Ftags&post=27904"}],"curies":[{"name":"wp","href":"https:\/\/api.w.org\/{rel}","templated":true}]}}