{"id":27907,"date":"2025-10-17T09:11:48","date_gmt":"2025-10-17T12:11:48","guid":{"rendered":"https:\/\/infoluro.com\/?p=27907"},"modified":"2025-10-17T09:11:48","modified_gmt":"2025-10-17T12:11:48","slug":"axel-kicillof-milei-no-es-el-dueno-del-circo-es-el-empleado","status":"publish","type":"post","link":"https:\/\/infoluro.com\/?p=27907","title":{"rendered":"AXEL KICILLOF: \u201cMILEI NO ES EL DUE\u00d1O DEL CIRCO, ES EL EMPLEADO\u201d"},"content":{"rendered":"<p>&nbsp;<\/p>\n<div class=\"x14z9mp xat24cr x1lziwak x1vvkbs xtlvy1s x126k92a\">\n<div dir=\"auto\">El gobernador bonaerense dijo que el gobierno libertario no tiene el dominio de la econom\u00eda ni de la calle. \u201cLa red social m\u00e1s grande la tenemos nosotros: es la gente\u201d, dijo.<\/div>\n<\/div>\n<div class=\"x14z9mp xat24cr x1lziwak x1vvkbs xtlvy1s x126k92a\">\n<div dir=\"auto\">El gobernador de la provincia de Buenos Aires, Axel Kicillof, dijo que el presidente de la Naci\u00f3n, Javier Milei, \u201cno es el due\u00f1o del circo\u201d, sino \u201cel empleado\u201d, en referencia a la existencia de una \u00e9lite econ\u00f3mica cuyo proyecto \u201crepresenta\u201d el mandatario.<\/div>\n<div dir=\"auto\"><\/div>\n<\/div>\n<div class=\"x14z9mp xat24cr x1lziwak x1vvkbs xtlvy1s x126k92a\">\n<div dir=\"auto\">Kicillof hizo esta apreciaci\u00f3n durante la presentaci\u00f3n del libro El pa\u00eds que quieren los due\u00f1os, del periodista Alejandro Bercovich, que examina, justamente, el pensamiento de grandes empresarios argentinos y el rumbo que esperan que tenga la econom\u00eda.<\/div>\n<div dir=\"auto\"><\/div>\n<\/div>\n<div class=\"x14z9mp xat24cr x1lziwak x1vvkbs xtlvy1s x126k92a\">\n<div dir=\"auto\">record\u00f3 que antes de las elecciones de 2019, en las que compiti\u00f3 por la gobernaci\u00f3n con quien entonces comandaba la provincia, Mar\u00eda Eugenia Vidal, \u201cse hablaba mucho del Big Data\u201d y \u201ctodos la quer\u00edan a Vidal\u201d porque se hac\u00eda un trabajo segmentado en el que \u201ca cada uno le llegaba un mensaje de acuerdo a sus intereses\u201d.<\/div>\n<div dir=\"auto\"><\/div>\n<\/div>\n<div class=\"x14z9mp xat24cr x1lziwak x1vvkbs xtlvy1s x126k92a\">\n<div dir=\"auto\">Sin embargo, Vidal no logr\u00f3 retener el gobierno, y \u201cya nadie habla del Big Data\u201d, apunt\u00f3 Kicillof.<\/div>\n<\/div>\n<div class=\"x14z9mp xat24cr x1lziwak x1vvkbs xtlvy1s x126k92a\">\n<div dir=\"auto\">\u201cUna semana antes, las encuestas daban una ventaja de Vidal. Por veinte puntos le ganamos\u201d, subray\u00f3.<\/div>\n<\/div>\n<div class=\"x14z9mp xat24cr x1lziwak x1vvkbs xtlvy1s x126k92a\">\n<div dir=\"auto\">\u201cLa red social m\u00e1s grande, m\u00e1s importante, la tenemos nosotros. Ellos no la tienen\u201d , dijo Kicillof. \u201cPorque es gente de carne y hueso, militante. No Big Data: militancia. Caminar, recorrer, hablar, construir.\u201d<\/div>\n<div dir=\"auto\"><\/div>\n<\/div>\n<div class=\"x14z9mp xat24cr x1lziwak x1vvkbs xtlvy1s x126k92a\">\n<div dir=\"auto\">El Gobernador tambi\u00e9n le dedic\u00f3 en su discurso una menci\u00f3n a la expresidenta Cristina Fern\u00e1ndez de Kirchner, de quien dijo, una vez m\u00e1s, que est\u00e1 \u201cpresa injustamente\u201d.<\/div>\n<div dir=\"auto\"><\/div>\n<\/div>\n<div class=\"x14z9mp xat24cr x1lziwak x1vvkbs xtlvy1s x126k92a\">\n<div dir=\"auto\">Con informaci\u00f3n de La Tecla Info<\/div>\n<div dir=\"auto\"><\/div>\n<\/div>\n<div class=\"x14z9mp xat24cr x1lziwak x1vvkbs xtlvy1s x126k92a\">\n<div dir=\"auto\"><span class=\"html-span xdj266r x14z9mp xat24cr x1lziwak xexx8yu xyri2b x18d9i69 x1c1uobl x1hl2dhg x16tdsg8 x1vvkbs\"><a class=\"x1i10hfl xjbqb8w x1ejq31n x18oe1m7 x1sy0etr xstzfhl x972fbf x10w94by x1qhh985 x14e42zd x9f619 x1ypdohk xt0psk2 x3ct3a4 xdj266r x14z9mp xat24cr x1lziwak xexx8yu xyri2b x18d9i69 x1c1uobl x16tdsg8 x1hl2dhg xggy1nq x1a2a7pz xkrqix3 x1sur9pj x1fey0fg x1s688f\" tabindex=\"0\" role=\"link\" href=\"https:\/\/www.facebook.com\/hashtag\/info?__eep__=6&amp;__cft__[0]=AZU1KLCUwt7dJHdAxrfZKqkSjc49TzsfYcC9NlaQDnJ73aMRAsQeDjXzbJdFcRg9U262Bro_1zDdRalwAo6SmQTd3SgfWf8Q_G2839gFNW_2S9_tGhhNiQGJgYVdtc5QCa6m-9mD7wjQrbZte2HIiqEr&amp;__tn__=*NK-R\">#Info<\/a><\/span> <span class=\"html-span xdj266r x14z9mp xat24cr x1lziwak xexx8yu xyri2b x18d9i69 x1c1uobl x1hl2dhg x16tdsg8 x1vvkbs\"><a class=\"x1i10hfl xjbqb8w x1ejq31n x18oe1m7 x1sy0etr xstzfhl x972fbf x10w94by x1qhh985 x14e42zd x9f619 x1ypdohk xt0psk2 x3ct3a4 xdj266r x14z9mp xat24cr x1lziwak xexx8yu xyri2b x18d9i69 x1c1uobl x16tdsg8 x1hl2dhg xggy1nq x1a2a7pz xkrqix3 x1sur9pj x1fey0fg x1s688f\" tabindex=\"0\" role=\"link\" href=\"https:\/\/www.facebook.com\/hashtag\/noticias?__eep__=6&amp;__cft__[0]=AZU1KLCUwt7dJHdAxrfZKqkSjc49TzsfYcC9NlaQDnJ73aMRAsQeDjXzbJdFcRg9U262Bro_1zDdRalwAo6SmQTd3SgfWf8Q_G2839gFNW_2S9_tGhhNiQGJgYVdtc5QCa6m-9mD7wjQrbZte2HIiqEr&amp;__tn__=*NK-R\">#Noticias<\/a><\/span> <span class=\"html-span xdj266r x14z9mp xat24cr x1lziwak xexx8yu xyri2b x18d9i69 x1c1uobl x1hl2dhg x16tdsg8 x1vvkbs\"><a class=\"x1i10hfl xjbqb8w x1ejq31n x18oe1m7 x1sy0etr xstzfhl x972fbf x10w94by x1qhh985 x14e42zd x9f619 x1ypdohk xt0psk2 x3ct3a4 xdj266r x14z9mp xat24cr x1lziwak xexx8yu xyri2b x18d9i69 x1c1uobl x16tdsg8 x1hl2dhg xggy1nq x1a2a7pz xkrqix3 x1sur9pj x1fey0fg x1s688f\" tabindex=\"0\" role=\"link\" href=\"https:\/\/www.facebook.com\/hashtag\/politicalnews?__eep__=6&amp;__cft__[0]=AZU1KLCUwt7dJHdAxrfZKqkSjc49TzsfYcC9NlaQDnJ73aMRAsQeDjXzbJdFcRg9U262Bro_1zDdRalwAo6SmQTd3SgfWf8Q_G2839gFNW_2S9_tGhhNiQGJgYVdtc5QCa6m-9mD7wjQrbZte2HIiqEr&amp;__tn__=*NK-R\">#PoliticalNews<\/a><\/span> <span class=\"html-span xdj266r x14z9mp xat24cr x1lziwak xexx8yu xyri2b x18d9i69 x1c1uobl x1hl2dhg x16tdsg8 x1vvkbs\"><a class=\"x1i10hfl xjbqb8w x1ejq31n x18oe1m7 x1sy0etr xstzfhl x972fbf x10w94by x1qhh985 x14e42zd x9f619 x1ypdohk xt0psk2 x3ct3a4 xdj266r x14z9mp xat24cr x1lziwak xexx8yu xyri2b x18d9i69 x1c1uobl x16tdsg8 x1hl2dhg xggy1nq x1a2a7pz xkrqix3 x1sur9pj x1fey0fg x1s688f\" tabindex=\"0\" role=\"link\" href=\"https:\/\/www.facebook.com\/hashtag\/argentina?__eep__=6&amp;__cft__[0]=AZU1KLCUwt7dJHdAxrfZKqkSjc49TzsfYcC9NlaQDnJ73aMRAsQeDjXzbJdFcRg9U262Bro_1zDdRalwAo6SmQTd3SgfWf8Q_G2839gFNW_2S9_tGhhNiQGJgYVdtc5QCa6m-9mD7wjQrbZte2HIiqEr&amp;__tn__=*NK-R\">#argentina<\/a><\/span><\/div>\n<\/div>\n<p>&nbsp;<\/p>\n<p>&nbsp;<\/p>\n","protected":false},"excerpt":{"rendered":"<p>&nbsp; El gobernador bonaerense dijo que el gobierno libertario no tiene el dominio de la&#8230;<\/p>\n","protected":false},"author":2,"featured_media":27908,"comment_status":"closed","ping_status":"closed","sticky":false,"template":"","format":"standard","meta":{"footnotes":""},"categories":[45,12,3],"tags":[],"_links":{"self":[{"href":"https:\/\/infoluro.com\/index.php?rest_route=\/wp\/v2\/posts\/27907"}],"collection":[{"href":"https:\/\/infoluro.com\/index.php?rest_route=\/wp\/v2\/posts"}],"about":[{"href":"https:\/\/infoluro.com\/index.php?rest_route=\/wp\/v2\/types\/post"}],"author":[{"embeddable":true,"href":"https:\/\/infoluro.com\/index.php?rest_route=\/wp\/v2\/users\/2"}],"replies":[{"embeddable":true,"href":"https:\/\/infoluro.com\/index.php?rest_route=%2Fwp%2Fv2%2Fcomments&post=27907"}],"version-history":[{"count":1,"href":"https:\/\/infoluro.com\/index.php?rest_route=\/wp\/v2\/posts\/27907\/revisions"}],"predecessor-version":[{"id":27909,"href":"https:\/\/infoluro.com\/index.php?rest_route=\/wp\/v2\/posts\/27907\/revisions\/27909"}],"wp:featuredmedia":[{"embeddable":true,"href":"https:\/\/infoluro.com\/index.php?rest_route=\/wp\/v2\/media\/27908"}],"wp:attachment":[{"href":"https:\/\/infoluro.com\/index.php?rest_route=%2Fwp%2Fv2%2Fmedia&parent=27907"}],"wp:term":[{"taxonomy":"category","embeddable":true,"href":"https:\/\/infoluro.com\/index.php?rest_route=%2Fwp%2Fv2%2Fcategories&post=27907"},{"taxonomy":"post_tag","embeddable":true,"href":"https:\/\/infoluro.com\/index.php?rest_route=%2Fwp%2Fv2%2Ftags&post=27907"}],"curies":[{"name":"wp","href":"https:\/\/api.w.org\/{rel}","templated":true}]}}