{"id":27911,"date":"2025-10-19T18:40:00","date_gmt":"2025-10-19T21:40:00","guid":{"rendered":"https:\/\/infoluro.com\/?p=27911"},"modified":"2025-10-19T18:40:00","modified_gmt":"2025-10-19T21:40:00","slug":"pedro-luro-ciclista-agredido-por-dos-individuos","status":"publish","type":"post","link":"https:\/\/infoluro.com\/?p=27911","title":{"rendered":"Pedro Luro : Ciclista agredido por dos individuos"},"content":{"rendered":"<p><br class=\"html-br\" \/><br class=\"html-br\" \/>Un hombre fue agredido en Pedro Luro mientras circulaba en bicicleta por la calle 101 y 28.<br class=\"html-br\" \/><br class=\"html-br\" \/>Seg\u00fan la denuncia, una camioneta Amarok gris lo encerr\u00f3 y dos hombres, padre e hijo,descendieron del veh\u00edculo, lo insultaron y agredieron f\u00edsicamente, da\u00f1ando tambi\u00e9n su bicicleta.<br class=\"html-br\" \/><br class=\"html-br\" \/>La Fiscal\u00eda de Villarino, a cargo del Dr. Dimas Garc\u00eda, intervino en el caso y se est\u00e1n analizando im\u00e1genes de c\u00e1maras de seguridad\u00a0<span class=\"html-span xdj266r x14z9mp xat24cr x1lziwak xexx8yu xyri2b x18d9i69 x1c1uobl x1hl2dhg x16tdsg8 x1vvkbs\"><a class=\"x1i10hfl xjbqb8w x1ejq31n x18oe1m7 x1sy0etr xstzfhl x972fbf x10w94by x1qhh985 x14e42zd x9f619 x1ypdohk xt0psk2 x3ct3a4 xdj266r x14z9mp xat24cr x1lziwak xexx8yu xyri2b x18d9i69 x1c1uobl x16tdsg8 x1hl2dhg xggy1nq x1a2a7pz xkrqix3 x1sur9pj x1fey0fg x1s688f\" tabindex=\"0\" role=\"link\" href=\"https:\/\/l.facebook.com\/l.php?u=http%3A%2F%2FCE.MO.VI%2F%3Ffbclid%3DIwZXh0bgNhZW0CMTAAYnJpZBExV0h0UzdpbVZBS0FoQmpoVgEefNwcB8NwxZj3u7HknepATAKtigaM381r3rftzOvfLmbbYWWiF2rjwTCEMBs_aem_YdSCyUepcedsIja_abPIkA&amp;h=AT27xT7scMGExd8yUXXplsii0wNXHTt3aHgBgEwXIOalDvtnKK8ecDLaObg7PicvEA1GGWuDC7rEfPsJiOMsCITqUpdtSRQ8PFidXrL4MW02lY5lczDx_QZ6LV1PK3OL_j5ov8XO5XRbzrfE8w&amp;__tn__=-UK*F&amp;c[0]=AT1ntBEf3U4Ti_VaDu1cn_sEF_sfZQtowDJAgIbDdrV1f1f13DYhwK0xVZzHWe_KMjTjGsLI5q-4YFMSaao65T3uss0AFIbxl7siQ51Qa1bzHmVK3QkuYpRjYA_rSRomLszNsRgxmDt6gn-MVyTOBfqbdgUNvX4LOva6idLODNkVTbpMAUWJj_8pmmMpRvaDzyNP7dVagX9CrxRK4LjIvefjcyqhCw\" target=\"_blank\" rel=\"nofollow noopener noreferrer\">CE.MO.VI<\/a><\/span>\u00a0( Centro de Monitoreo de Villarino)y C\u00e1maras particulares para esclarecer los hechos .<\/p>\n<p>Posteriormente el grupo de ciclistas Pedal Lurense repudi\u00f3 el ataque con el siguiente comunicado:<\/p>\n<div class=\"x14z9mp xat24cr x1lziwak x1vvkbs xtlvy1s x126k92a\">\n<div dir=\"auto\">Por medio del presente el grupo de ciclismo Pedal Lurense se solidariza con el ciclista por los da\u00f1os qu\u00e9 le ocasionaron en el d\u00eda de ayer vecinos inadaptados.<\/div>\n<\/div>\n<div class=\"x14z9mp xat24cr x1lziwak x1vvkbs xtlvy1s x126k92a\">\n<div dir=\"auto\">Lo interceptaron mientras andaba en bici en cercanias del semaforo de 28 y 101 de nuestra localidad. Lo tiraron, le pagaron lesionandolo y adem\u00e1s rompieron partes de su bici.<\/div>\n<div dir=\"auto\"><\/div>\n<\/div>\n<div class=\"x14z9mp xat24cr x1lziwak x1vvkbs xtlvy1s x126k92a\">\n<div dir=\"auto\">Repudiamos energicamente este accionar de vecinos inadaptados y solicitamos a las Autoridades Judiciales y Policiales a una pronta acci\u00f3n, ya que en este caso atentaron contra la integridad f\u00edsica de un ciclista pero adem\u00e1s en los dichos que le trasmitieron mientras le pegaban hicieron amenazas a otros ciclistas de nuestra localidad.<\/div>\n<div dir=\"auto\"><\/div>\n<\/div>\n<div class=\"x14z9mp xat24cr x1lziwak x1vvkbs xtlvy1s x126k92a\">\n<div dir=\"auto\">Esto es algo inaceptable y deber\u00e1n ser ubicados y sancionados. Deseamos que esto no vuelva a ocurrir ya que somos varios los que amamos el deporte del ciclismo y representamos a Pedro Luro en much\u00edsimas carreras a lo largo del pa\u00eds. Atentamente Grupo de Ciclismo,&#8221;\ud835\udde3\ud835\uddd8\ud835\uddd7\ud835\uddd4\ud835\udddf \ud835\udddf\ud835\udde8\ud835\udde5\ud835\uddd8\ud835\udde1\ud835\udde6\ud835\uddd8&#8221;.<\/div>\n<\/div>\n<div class=\"x14z9mp xat24cr x1lziwak x1vvkbs xtlvy1s x126k92a\">\n<div dir=\"auto\"><span class=\"html-span xdj266r x14z9mp xat24cr x1lziwak xexx8yu xyri2b x18d9i69 x1c1uobl x1hl2dhg x16tdsg8 x1vvkbs\"><a class=\"x1i10hfl xjbqb8w x1ejq31n x18oe1m7 x1sy0etr xstzfhl x972fbf x10w94by x1qhh985 x14e42zd x9f619 x1ypdohk xt0psk2 x3ct3a4 xdj266r x14z9mp xat24cr x1lziwak xexx8yu xyri2b x18d9i69 x1c1uobl x16tdsg8 x1hl2dhg xggy1nq x1a2a7pz xkrqix3 x1sur9pj x1fey0fg x1s688f\" tabindex=\"0\" role=\"link\" href=\"https:\/\/www.facebook.com\/hashtag\/info?__eep__=6&amp;__cft__[0]=AZWhg5MupoJcUWxeYDfttMFEHl4gogrDz-uVF9QiVG0j9fdVRquI3IiqFgBCRFcwp2SY4lMrftkxfTRD_CyZPWcH2tifm6BVsdVl1nLBCOUmopb6-KYqgH2mDegcGtM3aM5Wq9bJ_cNPpGeq8BDTGjSFAkhQ39Acct6d2v1jeSyoGr2qTen7niQsCQU5X_nJtziqyUu0qTsbsGQOWIat1e-9&amp;__tn__=*NK-R\">#info<\/a><\/span> <span class=\"html-span xdj266r x14z9mp xat24cr x1lziwak xexx8yu xyri2b x18d9i69 x1c1uobl x1hl2dhg x16tdsg8 x1vvkbs\"><a class=\"x1i10hfl xjbqb8w x1ejq31n x18oe1m7 x1sy0etr xstzfhl x972fbf x10w94by x1qhh985 x14e42zd x9f619 x1ypdohk xt0psk2 x3ct3a4 xdj266r x14z9mp xat24cr x1lziwak xexx8yu xyri2b x18d9i69 x1c1uobl x16tdsg8 x1hl2dhg xggy1nq x1a2a7pz xkrqix3 x1sur9pj x1fey0fg x1s688f\" tabindex=\"0\" role=\"link\" href=\"https:\/\/www.facebook.com\/hashtag\/noticias?__eep__=6&amp;__cft__[0]=AZWhg5MupoJcUWxeYDfttMFEHl4gogrDz-uVF9QiVG0j9fdVRquI3IiqFgBCRFcwp2SY4lMrftkxfTRD_CyZPWcH2tifm6BVsdVl1nLBCOUmopb6-KYqgH2mDegcGtM3aM5Wq9bJ_cNPpGeq8BDTGjSFAkhQ39Acct6d2v1jeSyoGr2qTen7niQsCQU5X_nJtziqyUu0qTsbsGQOWIat1e-9&amp;__tn__=*NK-R\">#noticias<\/a><\/span> <span class=\"html-span xdj266r x14z9mp xat24cr x1lziwak xexx8yu xyri2b x18d9i69 x1c1uobl x1hl2dhg x16tdsg8 x1vvkbs\"><a class=\"x1i10hfl xjbqb8w x1ejq31n x18oe1m7 x1sy0etr xstzfhl x972fbf x10w94by x1qhh985 x14e42zd x9f619 x1ypdohk xt0psk2 x3ct3a4 xdj266r x14z9mp xat24cr x1lziwak xexx8yu xyri2b x18d9i69 x1c1uobl x16tdsg8 x1hl2dhg xggy1nq x1a2a7pz xkrqix3 x1sur9pj x1fey0fg x1s688f\" tabindex=\"0\" role=\"link\" href=\"https:\/\/www.facebook.com\/hashtag\/deportes?__eep__=6&amp;__cft__[0]=AZWhg5MupoJcUWxeYDfttMFEHl4gogrDz-uVF9QiVG0j9fdVRquI3IiqFgBCRFcwp2SY4lMrftkxfTRD_CyZPWcH2tifm6BVsdVl1nLBCOUmopb6-KYqgH2mDegcGtM3aM5Wq9bJ_cNPpGeq8BDTGjSFAkhQ39Acct6d2v1jeSyoGr2qTen7niQsCQU5X_nJtziqyUu0qTsbsGQOWIat1e-9&amp;__tn__=*NK-R\">#deportes<\/a><\/span><\/div>\n<\/div>\n<p>&nbsp;<\/p>\n","protected":false},"excerpt":{"rendered":"<p>Un hombre fue agredido en Pedro Luro mientras circulaba en bicicleta por la calle 101&#8230;<\/p>\n","protected":false},"author":2,"featured_media":27916,"comment_status":"closed","ping_status":"closed","sticky":false,"template":"","format":"standard","meta":{"footnotes":""},"categories":[45,12,4,14,51,2,9],"tags":[],"_links":{"self":[{"href":"https:\/\/infoluro.com\/index.php?rest_route=\/wp\/v2\/posts\/27911"}],"collection":[{"href":"https:\/\/infoluro.com\/index.php?rest_route=\/wp\/v2\/posts"}],"about":[{"href":"https:\/\/infoluro.com\/index.php?rest_route=\/wp\/v2\/types\/post"}],"author":[{"embeddable":true,"href":"https:\/\/infoluro.com\/index.php?rest_route=\/wp\/v2\/users\/2"}],"replies":[{"embeddable":true,"href":"https:\/\/infoluro.com\/index.php?rest_route=%2Fwp%2Fv2%2Fcomments&post=27911"}],"version-history":[{"count":1,"href":"https:\/\/infoluro.com\/index.php?rest_route=\/wp\/v2\/posts\/27911\/revisions"}],"predecessor-version":[{"id":27917,"href":"https:\/\/infoluro.com\/index.php?rest_route=\/wp\/v2\/posts\/27911\/revisions\/27917"}],"wp:featuredmedia":[{"embeddable":true,"href":"https:\/\/infoluro.com\/index.php?rest_route=\/wp\/v2\/media\/27916"}],"wp:attachment":[{"href":"https:\/\/infoluro.com\/index.php?rest_route=%2Fwp%2Fv2%2Fmedia&parent=27911"}],"wp:term":[{"taxonomy":"category","embeddable":true,"href":"https:\/\/infoluro.com\/index.php?rest_route=%2Fwp%2Fv2%2Fcategories&post=27911"},{"taxonomy":"post_tag","embeddable":true,"href":"https:\/\/infoluro.com\/index.php?rest_route=%2Fwp%2Fv2%2Ftags&post=27911"}],"curies":[{"name":"wp","href":"https:\/\/api.w.org\/{rel}","templated":true}]}}