{"id":28079,"date":"2025-11-23T22:59:28","date_gmt":"2025-11-24T01:59:28","guid":{"rendered":"https:\/\/infoluro.com\/?p=28079"},"modified":"2025-11-23T22:59:28","modified_gmt":"2025-11-24T01:59:28","slug":"el-pugilismo-lurense-sigue-vigente-de-la-mano-de-boxeo-villa-obrera","status":"publish","type":"post","link":"https:\/\/infoluro.com\/?p=28079","title":{"rendered":"El Pugil\u00edsmo Lurense sigue vigente de la mano de Boxeo Villa Obrera"},"content":{"rendered":"<p>&nbsp;<\/p>\n<p>&nbsp;<\/p>\n<p>Claudio Correa, Presidente de la Sub-comisi\u00f3n de Boxeo de Villa Obrera, coment\u00f3 acerca de la reciente participaci\u00f3n del equipo en una exhibici\u00f3n realizada en Bah\u00eda Blanca<\/p>\n<p>Correa explic\u00f3 que, si bien la intenci\u00f3n inicial no era que los chicos se subieran al ring, \u201cla mayor\u00eda termin\u00f3 midi\u00e9ndose box\u00edsticamente\u201d, lo que signific\u00f3 la primera experiencia de competencia para muchos de ellos. \u201cEs la primera vez que viajamos y que los chicos se miden. Estuvieron entrenando m\u00e1s de un a\u00f1o y esta invitaci\u00f3n fue una gran oportunidad\u201d, se\u00f1al\u00f3.<\/p>\n<p>En total viajaron 15 alumnos, de los cuales participaron 7, incluyendo un joven de Hilario Ascasubi. La jornada fue sumamente positiva: \u201cVolvieron recontentos y motivados, con m\u00e1s ganas de entrenar\u201d, destac\u00f3 Claudio.<\/p>\n<p>Se trat\u00f3 de una exhibici\u00f3n , destinada a chicos que reci\u00e9n comienzan: \u201cLos pesan, piden la edad y se arman los cruces entre escuelitas, est\u00e1n dando sus primeros pasos\u201d.<\/p>\n<p>\ud835\udfef\ud835\udfec \ud835\uddee\ud835\uddf9\ud835\ude02\ud835\uddfa\ud835\uddfb\ud835\uddfc\ud835\ude00 \ud835\ude06 \ud835\ude02\ud835\uddfb \ud835\uddf0\ud835\uddff\ud835\uddf2\ud835\uddf0\ud835\uddf6\ud835\uddfa\ud835\uddf6\ud835\uddf2\ud835\uddfb\ud835\ude01\ud835\uddfc \ud835\ude00\ud835\uddfc\ud835\ude00\ud835\ude01\ud835\uddf2\ud835\uddfb\ud835\uddf6\ud835\uddf1\ud835\uddfc:<\/p>\n<p>Actualmente, Boxeo Villa Obrera cuenta con alrededor de 30 alumnos de todas las edades, desde los 8 a\u00f1os en adelante, con clases mixtas a cargo del Profesor Julio Larzabal. La subcomisi\u00f3n est\u00e1 integrada por Amparo Calvo, Martin Haag, Jorge Albarrac\u00edn, Eduardo Quiroga y el propio Correa, con el acompa\u00f1amiento de varios padres.<\/p>\n<p>\ud835\udde8\ud835\uddfb \ud835\uddff\ud835\uddf6\ud835\uddfb\ud835\uddf4 \ud835\uddfd\ud835\uddff\ud835\uddfc\ud835\uddfd\ud835\uddf6\ud835\uddfc, \ud835\uddf2\ud835\uddf9 \ud835\uddfd\ud835\uddff\ud835\uddfc\u0301\ud835\ude05\ud835\uddf6\ud835\uddfa\ud835\uddfc \ud835\uddfc\ud835\uddef\ud835\uddf7\ud835\uddf2\ud835\ude01\ud835\uddf6\ud835\ude03\ud835\uddfc:<\/p>\n<p>El grupo ya logr\u00f3 conseguir un ring y se encuentran definiendo el espacio dentro del club para instalarlo: \u201cEs un ring grande y queremos ubicarlo bien para que los chicos empiecen a entrenar arriba del ring de verdad, explic\u00f3 Correa.<\/p>\n<p>Durante la exhibici\u00f3n tambi\u00e9n aprovecharon para conectarse con otras escuelitas de la regi\u00f3n: Bah\u00eda Blanca, Coronel Dorrego ,M\u00e9danos etc. La idea es seguir viajando y meternos m\u00e1s en el ambiente para que los chicos crezcan\u201d.<\/p>\n<p>\ud835\uddd7\ud835\uddf6\u0301\ud835\uddee\ud835\ude00 \ud835\ude06 \ud835\uddf5\ud835\uddfc\ud835\uddff\ud835\uddee\ud835\uddff\ud835\uddf6\ud835\uddfc\ud835\ude00:<\/p>\n<p>Las clases de Boxeo Villa Obrera se dictan los martes y jueves de 20:00 a 22:00 en el Club, abierta a todas las edades y clases mixtas. Adem\u00e1s desde la subcomisi\u00f3n lanzar\u00e1n proximamente una rifa para poder comprar elementos de Boxeo y solventar el deporte.<\/p>\n<p>Para participar acerc\u00e1te a Club Social y Deportivo Villa Obrera los d\u00edas martes y jueves de 20:00 a 22:00<\/p>\n<p>Escuch\u00e1 la nota completa a continuaci\u00f3n.<\/p>\n<p>#Info #deportes #villarino #boxeo #argentina<\/p>\n<p>&nbsp;<\/p>\n<!--[if lt IE 9]><script>document.createElement('audio');<\/script><![endif]-->\n<audio class=\"wp-audio-shortcode\" id=\"audio-28079-1\" preload=\"none\" style=\"width: 100%;\" controls=\"controls\"><source type=\"audio\/mpeg\" src=\"https:\/\/infoluro.com\/wp-content\/uploads\/2025\/11\/BOXEOVILLAOBRERA.mp3?_=1\" \/><a href=\"https:\/\/infoluro.com\/wp-content\/uploads\/2025\/11\/BOXEOVILLAOBRERA.mp3\">https:\/\/infoluro.com\/wp-content\/uploads\/2025\/11\/BOXEOVILLAOBRERA.mp3<\/a><\/audio>\n<p>&nbsp;<\/p>\n<p>&nbsp;<\/p>\n<p><img loading=\"lazy\" decoding=\"async\" class=\"alignnone size-medium wp-image-28088\" src=\"https:\/\/infoluro.com\/wp-content\/uploads\/2025\/11\/WhatsApp-Image-2025-11-23-at-22.18.31-300x225.jpeg\" alt=\"\" width=\"300\" height=\"225\" srcset=\"https:\/\/infoluro.com\/wp-content\/uploads\/2025\/11\/WhatsApp-Image-2025-11-23-at-22.18.31-300x225.jpeg 300w, https:\/\/infoluro.com\/wp-content\/uploads\/2025\/11\/WhatsApp-Image-2025-11-23-at-22.18.31-1024x768.jpeg 1024w, https:\/\/infoluro.com\/wp-content\/uploads\/2025\/11\/WhatsApp-Image-2025-11-23-at-22.18.31-768x576.jpeg 768w, https:\/\/infoluro.com\/wp-content\/uploads\/2025\/11\/WhatsApp-Image-2025-11-23-at-22.18.31-1536x1152.jpeg 1536w, https:\/\/infoluro.com\/wp-content\/uploads\/2025\/11\/WhatsApp-Image-2025-11-23-at-22.18.31.jpeg 1600w\" sizes=\"(max-width: 300px) 100vw, 300px\" \/>\u00a0 \u00a0 \u00a0 \u00a0 <img loading=\"lazy\" decoding=\"async\" class=\"alignnone size-medium wp-image-28087\" src=\"https:\/\/infoluro.com\/wp-content\/uploads\/2025\/11\/WhatsApp-Image-2025-11-23-at-22.18.34-300x225.jpeg\" alt=\"\" width=\"300\" height=\"225\" srcset=\"https:\/\/infoluro.com\/wp-content\/uploads\/2025\/11\/WhatsApp-Image-2025-11-23-at-22.18.34-300x225.jpeg 300w, https:\/\/infoluro.com\/wp-content\/uploads\/2025\/11\/WhatsApp-Image-2025-11-23-at-22.18.34-1024x768.jpeg 1024w, https:\/\/infoluro.com\/wp-content\/uploads\/2025\/11\/WhatsApp-Image-2025-11-23-at-22.18.34-768x576.jpeg 768w, https:\/\/infoluro.com\/wp-content\/uploads\/2025\/11\/WhatsApp-Image-2025-11-23-at-22.18.34-1536x1152.jpeg 1536w, https:\/\/infoluro.com\/wp-content\/uploads\/2025\/11\/WhatsApp-Image-2025-11-23-at-22.18.34.jpeg 1600w\" sizes=\"(max-width: 300px) 100vw, 300px\" \/><\/p>\n<p>&nbsp;<\/p>\n<p><img loading=\"lazy\" decoding=\"async\" class=\"alignnone size-medium wp-image-28083\" src=\"https:\/\/infoluro.com\/wp-content\/uploads\/2025\/11\/WhatsApp-Image-2025-11-23-at-22.18.35-2-300x225.jpeg\" alt=\"\" width=\"300\" height=\"225\" srcset=\"https:\/\/infoluro.com\/wp-content\/uploads\/2025\/11\/WhatsApp-Image-2025-11-23-at-22.18.35-2-300x225.jpeg 300w, https:\/\/infoluro.com\/wp-content\/uploads\/2025\/11\/WhatsApp-Image-2025-11-23-at-22.18.35-2-1024x768.jpeg 1024w, https:\/\/infoluro.com\/wp-content\/uploads\/2025\/11\/WhatsApp-Image-2025-11-23-at-22.18.35-2-768x576.jpeg 768w, https:\/\/infoluro.com\/wp-content\/uploads\/2025\/11\/WhatsApp-Image-2025-11-23-at-22.18.35-2-1536x1152.jpeg 1536w, https:\/\/infoluro.com\/wp-content\/uploads\/2025\/11\/WhatsApp-Image-2025-11-23-at-22.18.35-2.jpeg 1600w\" sizes=\"(max-width: 300px) 100vw, 300px\" \/>\u00a0 \u00a0 <img loading=\"lazy\" decoding=\"async\" class=\"alignnone size-medium wp-image-28086\" src=\"https:\/\/infoluro.com\/wp-content\/uploads\/2025\/11\/WhatsApp-Image-2025-11-23-at-22.18.34-1-300x225.jpeg\" alt=\"\" width=\"300\" height=\"225\" srcset=\"https:\/\/infoluro.com\/wp-content\/uploads\/2025\/11\/WhatsApp-Image-2025-11-23-at-22.18.34-1-300x225.jpeg 300w, https:\/\/infoluro.com\/wp-content\/uploads\/2025\/11\/WhatsApp-Image-2025-11-23-at-22.18.34-1-1024x768.jpeg 1024w, https:\/\/infoluro.com\/wp-content\/uploads\/2025\/11\/WhatsApp-Image-2025-11-23-at-22.18.34-1-768x576.jpeg 768w, https:\/\/infoluro.com\/wp-content\/uploads\/2025\/11\/WhatsApp-Image-2025-11-23-at-22.18.34-1-1536x1152.jpeg 1536w, https:\/\/infoluro.com\/wp-content\/uploads\/2025\/11\/WhatsApp-Image-2025-11-23-at-22.18.34-1.jpeg 1600w\" sizes=\"(max-width: 300px) 100vw, 300px\" \/><\/p>\n","protected":false},"excerpt":{"rendered":"<p>&nbsp; &nbsp; Claudio Correa, Presidente de la Sub-comisi\u00f3n de Boxeo de Villa Obrera, coment\u00f3 acerca&#8230;<\/p>\n","protected":false},"author":2,"featured_media":28084,"comment_status":"closed","ping_status":"closed","sticky":false,"template":"","format":"standard","meta":{"footnotes":""},"categories":[45,12,7,4,14,9],"tags":[],"_links":{"self":[{"href":"https:\/\/infoluro.com\/index.php?rest_route=\/wp\/v2\/posts\/28079"}],"collection":[{"href":"https:\/\/infoluro.com\/index.php?rest_route=\/wp\/v2\/posts"}],"about":[{"href":"https:\/\/infoluro.com\/index.php?rest_route=\/wp\/v2\/types\/post"}],"author":[{"embeddable":true,"href":"https:\/\/infoluro.com\/index.php?rest_route=\/wp\/v2\/users\/2"}],"replies":[{"embeddable":true,"href":"https:\/\/infoluro.com\/index.php?rest_route=%2Fwp%2Fv2%2Fcomments&post=28079"}],"version-history":[{"count":1,"href":"https:\/\/infoluro.com\/index.php?rest_route=\/wp\/v2\/posts\/28079\/revisions"}],"predecessor-version":[{"id":28089,"href":"https:\/\/infoluro.com\/index.php?rest_route=\/wp\/v2\/posts\/28079\/revisions\/28089"}],"wp:featuredmedia":[{"embeddable":true,"href":"https:\/\/infoluro.com\/index.php?rest_route=\/wp\/v2\/media\/28084"}],"wp:attachment":[{"href":"https:\/\/infoluro.com\/index.php?rest_route=%2Fwp%2Fv2%2Fmedia&parent=28079"}],"wp:term":[{"taxonomy":"category","embeddable":true,"href":"https:\/\/infoluro.com\/index.php?rest_route=%2Fwp%2Fv2%2Fcategories&post=28079"},{"taxonomy":"post_tag","embeddable":true,"href":"https:\/\/infoluro.com\/index.php?rest_route=%2Fwp%2Fv2%2Ftags&post=28079"}],"curies":[{"name":"wp","href":"https:\/\/api.w.org\/{rel}","templated":true}]}}