{"id":28092,"date":"2025-12-01T12:11:25","date_gmt":"2025-12-01T15:11:25","guid":{"rendered":"https:\/\/infoluro.com\/?p=28092"},"modified":"2025-12-01T12:12:04","modified_gmt":"2025-12-01T15:12:04","slug":"yoni-mansilla-el-musico-lurense-que-vuelve-a-brillar-rumbo-a-la-final-del-pre-cosquin","status":"publish","type":"post","link":"https:\/\/infoluro.com\/?p=28092","title":{"rendered":"Yoni Mansilla, el M\u00fasico Lurense que Vuelve a Brillar Rumbo a la Final del Pre-Cosqu\u00edn"},"content":{"rendered":"<p>&nbsp;<\/p>\n<p>El m\u00fasico y referente del folklore regional Yoni Mansilla, volvi\u00f3 a destacarse en el prestigioso Certamen Pre-cosqu\u00edn, donde obtuvo una sobresaliente devoluci\u00f3n del jurado y asegur\u00f3 su lugar en la instancia final, que se realizar\u00e1 el 9 y 10 de enero en el emblem\u00e1tico escenario Atahualpa Yupanqui en Cosqu\u00edn.<\/p>\n<p>Con 7 participaciones acumuladas a lo largo de su carrera \u2014 Mansilla reafirma su constancia y compromiso. En esta edici\u00f3n competi\u00f3 en la sede de Lobos, donde present\u00f3 un repertorio trabajado junto al m\u00fasico Jorge Bertolucci, con quien prepar\u00f3 nuevas propuestas art\u00edsticas.<\/p>\n<p>\u201cLa m\u00fasica nos une; se forman amistades, se comparte, se aprende\u201d, destac\u00f3, remarcando el intercambio con m\u00fasicos, guitarristas y jurados de distintos puntos del pa\u00eds.<\/p>\n<p>El nivel art\u00edstico, asegur\u00f3, fue \u201cimpresionante\u201d, con int\u00e9rpretes de alt\u00edsima calidad. Con humildad reconoci\u00f3 que incluso hubo participantes mejores que \u00e9l, algo que vive como un est\u00edmulo para seguir creciendo.<\/p>\n<p>Un repertorio de 80 canciones y un camino de esfuerzo<\/p>\n<p>Con un repertorio activo de alrededor de 80 canciones, Mansilla ajusta su presentaci\u00f3n seg\u00fan cada escenario. Muchas est\u00e1n registradas en carpetas con letras y acordes; otras las interpreta de memoria, fruto de a\u00f1os de pr\u00e1ctica y dedicaci\u00f3n.<\/p>\n<p>Apoyo familiar y reconocimiento local<\/p>\n<p>Yoni, agradeci\u00f3 especialmente a su familia y a sus amigos, Adem\u00e1s mencion\u00f3 especialmente a Ang\u00e9lica , Tito,Roberto aguilar, Jorge Bertolucci.<\/p>\n<p>Tanto en Pedro Luro como en Villarino, la comunidad ha mostrado un fuerte respaldo a su trayectoria. El artista reconoce el valor de ese acompa\u00f1amiento y lo impulsa a seguir representando a la regi\u00f3n en escenarios nacionales.<\/p>\n<p>Camino a Cosqu\u00edn 2026<\/p>\n<p>Con la mirada puesta en enero,se prepara para subir nuevamente al escenario mayor del folklore argentino. Considera esta oportunidad como una responsabilidad y un honor, y espera dejar en alto a su gente.<\/p>\n<p>Adem\u00e1s, invit\u00f3 al p\u00fablico a seguir sus pr\u00f3ximas presentaciones y entrevistas, donde continuar\u00e1 compartiendo su proceso art\u00edstico y su pasi\u00f3n por la m\u00fasica popular.<\/p>\n<p>Escuch\u00e1 la nota completa a Continuaci\u00f3n<\/p>\n<!--[if lt IE 9]><script>document.createElement('audio');<\/script><![endif]-->\n<audio class=\"wp-audio-shortcode\" id=\"audio-28092-1\" preload=\"none\" style=\"width: 100%;\" controls=\"controls\"><source type=\"audio\/mpeg\" src=\"https:\/\/infoluro.com\/wp-content\/uploads\/2025\/12\/WhatsApp-Audio-2025-12-01-at-10.22.51.mp3?_=1\" \/><a href=\"https:\/\/infoluro.com\/wp-content\/uploads\/2025\/12\/WhatsApp-Audio-2025-12-01-at-10.22.51.mp3\">https:\/\/infoluro.com\/wp-content\/uploads\/2025\/12\/WhatsApp-Audio-2025-12-01-at-10.22.51.mp3<\/a><\/audio>\n<p>&nbsp;<\/p>\n<p><img loading=\"lazy\" decoding=\"async\" class=\"alignnone size-medium wp-image-28098\" src=\"https:\/\/infoluro.com\/wp-content\/uploads\/2025\/12\/WhatsApp-Image-2025-12-01-at-12.00.00-225x300.jpeg\" alt=\"\" width=\"225\" height=\"300\" srcset=\"https:\/\/infoluro.com\/wp-content\/uploads\/2025\/12\/WhatsApp-Image-2025-12-01-at-12.00.00-225x300.jpeg 225w, https:\/\/infoluro.com\/wp-content\/uploads\/2025\/12\/WhatsApp-Image-2025-12-01-at-12.00.00-768x1024.jpeg 768w, https:\/\/infoluro.com\/wp-content\/uploads\/2025\/12\/WhatsApp-Image-2025-12-01-at-12.00.00-1152x1536.jpeg 1152w, https:\/\/infoluro.com\/wp-content\/uploads\/2025\/12\/WhatsApp-Image-2025-12-01-at-12.00.00-1024x1365.jpeg 1024w, https:\/\/infoluro.com\/wp-content\/uploads\/2025\/12\/WhatsApp-Image-2025-12-01-at-12.00.00.jpeg 1200w\" sizes=\"(max-width: 225px) 100vw, 225px\" \/>\u00a0 \u00a0 \u00a0 \u00a0 \u00a0 \u00a0 <img loading=\"lazy\" decoding=\"async\" class=\"alignnone size-medium wp-image-28096\" src=\"https:\/\/infoluro.com\/wp-content\/uploads\/2025\/12\/WhatsApp-Image-2025-12-01-at-12.00.01-1-169x300.jpeg\" alt=\"\" width=\"169\" height=\"300\" srcset=\"https:\/\/infoluro.com\/wp-content\/uploads\/2025\/12\/WhatsApp-Image-2025-12-01-at-12.00.01-1-169x300.jpeg 169w, https:\/\/infoluro.com\/wp-content\/uploads\/2025\/12\/WhatsApp-Image-2025-12-01-at-12.00.01-1-576x1024.jpeg 576w, https:\/\/infoluro.com\/wp-content\/uploads\/2025\/12\/WhatsApp-Image-2025-12-01-at-12.00.01-1.jpeg 720w\" sizes=\"(max-width: 169px) 100vw, 169px\" \/>\u00a0 \u00a0 \u00a0 \u00a0 \u00a0 \u00a0 <img loading=\"lazy\" decoding=\"async\" class=\"alignnone size-medium wp-image-28095\" src=\"https:\/\/infoluro.com\/wp-content\/uploads\/2025\/12\/WhatsApp-Image-2025-12-01-at-12.00.01-2-169x300.jpeg\" alt=\"\" width=\"169\" height=\"300\" srcset=\"https:\/\/infoluro.com\/wp-content\/uploads\/2025\/12\/WhatsApp-Image-2025-12-01-at-12.00.01-2-169x300.jpeg 169w, https:\/\/infoluro.com\/wp-content\/uploads\/2025\/12\/WhatsApp-Image-2025-12-01-at-12.00.01-2-576x1024.jpeg 576w, https:\/\/infoluro.com\/wp-content\/uploads\/2025\/12\/WhatsApp-Image-2025-12-01-at-12.00.01-2.jpeg 720w\" sizes=\"(max-width: 169px) 100vw, 169px\" \/><\/p>\n<p>&nbsp;<\/p>\n<p>&nbsp;<\/p>\n<p><img loading=\"lazy\" decoding=\"async\" class=\"alignnone size-medium wp-image-28094\" src=\"https:\/\/infoluro.com\/wp-content\/uploads\/2025\/12\/WhatsApp-Image-2025-12-01-at-12.00.02-300x224.jpeg\" alt=\"\" width=\"300\" height=\"224\" srcset=\"https:\/\/infoluro.com\/wp-content\/uploads\/2025\/12\/WhatsApp-Image-2025-12-01-at-12.00.02-300x224.jpeg 300w, https:\/\/infoluro.com\/wp-content\/uploads\/2025\/12\/WhatsApp-Image-2025-12-01-at-12.00.02-1024x766.jpeg 1024w, https:\/\/infoluro.com\/wp-content\/uploads\/2025\/12\/WhatsApp-Image-2025-12-01-at-12.00.02-768x575.jpeg 768w, https:\/\/infoluro.com\/wp-content\/uploads\/2025\/12\/WhatsApp-Image-2025-12-01-at-12.00.02.jpeg 1160w\" sizes=\"(max-width: 300px) 100vw, 300px\" \/><\/p>\n<p>Con la mirada puesta en enero,se prepara para subir nuevamente al escenario mayor del folklore argentino. Considera esta oportunidad como una responsabilidad y un honor, y espera dejar en alto a su gente.<\/p>\n<p>&nbsp;<\/p>\n","protected":false},"excerpt":{"rendered":"<p>&nbsp; El m\u00fasico y referente del folklore regional Yoni Mansilla, volvi\u00f3 a destacarse en el&#8230;<\/p>\n","protected":false},"author":2,"featured_media":28097,"comment_status":"closed","ping_status":"closed","sticky":false,"template":"","format":"standard","meta":{"footnotes":""},"categories":[45,12,4,14,9],"tags":[],"_links":{"self":[{"href":"https:\/\/infoluro.com\/index.php?rest_route=\/wp\/v2\/posts\/28092"}],"collection":[{"href":"https:\/\/infoluro.com\/index.php?rest_route=\/wp\/v2\/posts"}],"about":[{"href":"https:\/\/infoluro.com\/index.php?rest_route=\/wp\/v2\/types\/post"}],"author":[{"embeddable":true,"href":"https:\/\/infoluro.com\/index.php?rest_route=\/wp\/v2\/users\/2"}],"replies":[{"embeddable":true,"href":"https:\/\/infoluro.com\/index.php?rest_route=%2Fwp%2Fv2%2Fcomments&post=28092"}],"version-history":[{"count":1,"href":"https:\/\/infoluro.com\/index.php?rest_route=\/wp\/v2\/posts\/28092\/revisions"}],"predecessor-version":[{"id":28099,"href":"https:\/\/infoluro.com\/index.php?rest_route=\/wp\/v2\/posts\/28092\/revisions\/28099"}],"wp:featuredmedia":[{"embeddable":true,"href":"https:\/\/infoluro.com\/index.php?rest_route=\/wp\/v2\/media\/28097"}],"wp:attachment":[{"href":"https:\/\/infoluro.com\/index.php?rest_route=%2Fwp%2Fv2%2Fmedia&parent=28092"}],"wp:term":[{"taxonomy":"category","embeddable":true,"href":"https:\/\/infoluro.com\/index.php?rest_route=%2Fwp%2Fv2%2Fcategories&post=28092"},{"taxonomy":"post_tag","embeddable":true,"href":"https:\/\/infoluro.com\/index.php?rest_route=%2Fwp%2Fv2%2Ftags&post=28092"}],"curies":[{"name":"wp","href":"https:\/\/api.w.org\/{rel}","templated":true}]}}