{"id":28141,"date":"2025-12-15T10:41:55","date_gmt":"2025-12-15T13:41:55","guid":{"rendered":"https:\/\/infoluro.com\/?p=28141"},"modified":"2025-12-15T10:41:55","modified_gmt":"2025-12-15T13:41:55","slug":"villalonga-se-prepara-para-recibir-el-ano-nuevo-2026-con-su-tradicional-fiesta","status":"publish","type":"post","link":"https:\/\/infoluro.com\/?p=28141","title":{"rendered":"Villalonga se prepara para recibir el A\u00f1o Nuevo 2026 con su Tradicional Fiesta"},"content":{"rendered":"<p>En comunicaci\u00f3n telef\u00f3nica, Luciano Aman, presidente de la Comisi\u00f3n de Festejos de Villalonga, brind\u00f3 detalles sobre la ya tradicional Fiesta de A\u00f1o Nuevo que se realizar\u00e1 en la localidad el jueves 1\u00b0 de enero de 2026, comenzando en la madrugada tras los festejos familiares.<\/p>\n<p>La celebraci\u00f3n tendr\u00e1 lugar en el Predio de la Ganadera, un espacio amplio y al aire libre ubicado a la entrada del pueblo, mano izquierda, lo que facilita el acceso sin necesidad de ingresar al casco urbano. Seg\u00fan explic\u00f3 Aman, el predio abrir\u00e1 sus puertas alrededor de la 1 de la madrugada, una vez finalizado el brindis de A\u00f1o Nuevo, para que vecinos y visitantes puedan continuar los festejos en un ambiente seguro y familiar.<\/p>\n<p>El presidente de la Comisi\u00f3n destac\u00f3 el intenso trabajo que viene realizando la Comisi\u00f3n, que tambi\u00e9n estuvo abocada a la realizaci\u00f3n del D\u00eda del Pueblo, festejo que se lleva a cabo cada segundo fin de semana de octubre. Esta celebraci\u00f3n, que ya va por su tercer a\u00f1o consecutivo, se extiende durante 3 d\u00edas y cuenta con la participaci\u00f3n de artistas locales, regionales y bandas nacionales, como ocurri\u00f3 este a\u00f1o con Los Totora, y en ediciones anteriores con Grupo Play y La Nueva Luna.<\/p>\n<p>En cuanto a la Fiesta de A\u00f1o Nuevo, Aman remarc\u00f3 que se trata de un evento muy esperado por la comunidad, de car\u00e1cter familiar y con gran convocatoria regional. \u201cViene gente de Luro, Stroeder, Buratovich y de toda la zona\u201d, se\u00f1al\u00f3, invitando a todos a sumarse a la celebraci\u00f3n.<\/p>\n<p>Entre los aspectos organizativos, se prev\u00e9 una amplia barra para agilizar la atenci\u00f3n, un sector de seguridad y estacionamiento para mayor tranquilidad del p\u00fablico y algunas sorpresas que, si bien no fueron adelantadas, apuntan a que la gente disfrute y tenga un excelente comienzo de a\u00f1o.<\/p>\n<p>Las entradas anticipadas ya se encuentran a la venta en Villalonga, en Veterinaria &#8220;Tu Mascota&#8221;, de 19 a 20 horas. El valor anticipado es de 15.000 pesos, mientras que en puerta costar\u00e1 20.000 pesos.<\/p>\n<p>Finalmente, Luciano Aman invit\u00f3 a toda la comunidad y a la regi\u00f3n a participar: \u201cEs una noche tranquila, al aire libre, para disfrutar con amigos y en familia. Los esperamos para brindar juntos y arrancar el a\u00f1o de la mejor manera\u201d.<\/p>\n<p>Escuch\u00e1 la nota completa a continuaci\u00f3n.<\/p>\n<p>&nbsp;<\/p>\n<!--[if lt IE 9]><script>document.createElement('audio');<\/script><![endif]-->\n<audio class=\"wp-audio-shortcode\" id=\"audio-28141-1\" preload=\"none\" style=\"width: 100%;\" controls=\"controls\"><source type=\"audio\/mpeg\" src=\"https:\/\/infoluro.com\/wp-content\/uploads\/2025\/12\/11111111LUCIANO-AMAN-VILLALONGA.mp3?_=1\" \/><a href=\"https:\/\/infoluro.com\/wp-content\/uploads\/2025\/12\/11111111LUCIANO-AMAN-VILLALONGA.mp3\">https:\/\/infoluro.com\/wp-content\/uploads\/2025\/12\/11111111LUCIANO-AMAN-VILLALONGA.mp3<\/a><\/audio>\n<p>&nbsp;<\/p>\n<p>&nbsp;<\/p>\n<p><img loading=\"lazy\" decoding=\"async\" class=\"alignnone size-medium wp-image-28144\" src=\"https:\/\/infoluro.com\/wp-content\/uploads\/2025\/12\/WhatsApp-Image-2025-12-12-at-15.22.09-214x300.jpeg\" alt=\"\" width=\"214\" height=\"300\" srcset=\"https:\/\/infoluro.com\/wp-content\/uploads\/2025\/12\/WhatsApp-Image-2025-12-12-at-15.22.09-214x300.jpeg 214w, https:\/\/infoluro.com\/wp-content\/uploads\/2025\/12\/WhatsApp-Image-2025-12-12-at-15.22.09-729x1024.jpeg 729w, https:\/\/infoluro.com\/wp-content\/uploads\/2025\/12\/WhatsApp-Image-2025-12-12-at-15.22.09-768x1079.jpeg 768w, https:\/\/infoluro.com\/wp-content\/uploads\/2025\/12\/WhatsApp-Image-2025-12-12-at-15.22.09-1094x1536.jpeg 1094w, https:\/\/infoluro.com\/wp-content\/uploads\/2025\/12\/WhatsApp-Image-2025-12-12-at-15.22.09-1024x1438.jpeg 1024w, https:\/\/infoluro.com\/wp-content\/uploads\/2025\/12\/WhatsApp-Image-2025-12-12-at-15.22.09.jpeg 1120w\" sizes=\"(max-width: 214px) 100vw, 214px\" \/><\/p>\n<p>&nbsp;<\/p>\n","protected":false},"excerpt":{"rendered":"<p>En comunicaci\u00f3n telef\u00f3nica, Luciano Aman, presidente de la Comisi\u00f3n de Festejos de Villalonga, brind\u00f3 detalles&#8230;<\/p>\n","protected":false},"author":2,"featured_media":28143,"comment_status":"closed","ping_status":"closed","sticky":false,"template":"","format":"standard","meta":{"footnotes":""},"categories":[45,12,4,51],"tags":[],"_links":{"self":[{"href":"https:\/\/infoluro.com\/index.php?rest_route=\/wp\/v2\/posts\/28141"}],"collection":[{"href":"https:\/\/infoluro.com\/index.php?rest_route=\/wp\/v2\/posts"}],"about":[{"href":"https:\/\/infoluro.com\/index.php?rest_route=\/wp\/v2\/types\/post"}],"author":[{"embeddable":true,"href":"https:\/\/infoluro.com\/index.php?rest_route=\/wp\/v2\/users\/2"}],"replies":[{"embeddable":true,"href":"https:\/\/infoluro.com\/index.php?rest_route=%2Fwp%2Fv2%2Fcomments&post=28141"}],"version-history":[{"count":1,"href":"https:\/\/infoluro.com\/index.php?rest_route=\/wp\/v2\/posts\/28141\/revisions"}],"predecessor-version":[{"id":28145,"href":"https:\/\/infoluro.com\/index.php?rest_route=\/wp\/v2\/posts\/28141\/revisions\/28145"}],"wp:featuredmedia":[{"embeddable":true,"href":"https:\/\/infoluro.com\/index.php?rest_route=\/wp\/v2\/media\/28143"}],"wp:attachment":[{"href":"https:\/\/infoluro.com\/index.php?rest_route=%2Fwp%2Fv2%2Fmedia&parent=28141"}],"wp:term":[{"taxonomy":"category","embeddable":true,"href":"https:\/\/infoluro.com\/index.php?rest_route=%2Fwp%2Fv2%2Fcategories&post=28141"},{"taxonomy":"post_tag","embeddable":true,"href":"https:\/\/infoluro.com\/index.php?rest_route=%2Fwp%2Fv2%2Ftags&post=28141"}],"curies":[{"name":"wp","href":"https:\/\/api.w.org\/{rel}","templated":true}]}}