{"id":28146,"date":"2025-12-15T18:26:08","date_gmt":"2025-12-15T21:26:08","guid":{"rendered":"https:\/\/infoluro.com\/?p=28146"},"modified":"2025-12-15T18:26:08","modified_gmt":"2025-12-15T21:26:08","slug":"educacion-abiertas-las-inscripciones-para-profesorados-2026-en-el-instituto-de-formacion-docente-no-69","status":"publish","type":"post","link":"https:\/\/infoluro.com\/?p=28146","title":{"rendered":"Educaci\u00f3n:  Abiertas las inscripciones para Profesorados 2026 en el Instituto de Formaci\u00f3n Docente N\u00ba 69"},"content":{"rendered":"<p>&nbsp;<\/p>\n<p>&nbsp;<\/p>\n<div class=\"x14z9mp xat24cr x1lziwak x1vvkbs xtlvy1s x126k92a\">\n<div dir=\"auto\"><\/div>\n<\/div>\n<div class=\"x14z9mp xat24cr x1lziwak x1vvkbs xtlvy1s x126k92a\">\n<div dir=\"auto\">El Instituto de Formaci\u00f3n Docente N\u00ba 69 de Villarino inform\u00f3 que hasta el 22 de diciembre se encuentran abiertas las inscripciones para el Profesorado de Educaci\u00f3n Inicial y el Primer A\u00f1o del Profesorado de Educaci\u00f3n Primaria correspondientes al ciclo lectivo 2026.<\/div>\n<div dir=\"auto\"><\/div>\n<\/div>\n<div class=\"x14z9mp xat24cr x1lziwak x1vvkbs xtlvy1s x126k92a\">\n<div dir=\"auto\">El director , Daniel Silva, detall\u00f3 que ambos primeros a\u00f1os se dictar\u00e1n en la sede de Pedro Luro, mientras que el anexo de M\u00e9danos. Silva explic\u00f3 que las inscripciones cuentan con un cupo m\u00e1ximo de 45 estudiantes por aula, definido por cuestiones de infraestructura.<\/div>\n<div dir=\"auto\"><\/div>\n<\/div>\n<div class=\"x14z9mp xat24cr x1lziwak x1vvkbs xtlvy1s x126k92a\">\n<div dir=\"auto\">Tambi\u00e9n aclar\u00f3 que en febrero se reabrir\u00e1 un per\u00edodo de inscripci\u00f3n para quienes adeudan materias del nivel secundario y finalicen sus estudios en esa fecha.<\/div>\n<div dir=\"auto\"><\/div>\n<\/div>\n<div class=\"x14z9mp xat24cr x1lziwak x1vvkbs xtlvy1s x126k92a\">\n<div dir=\"auto\">Documentaci\u00f3n necesaria<\/div>\n<\/div>\n<div class=\"x14z9mp xat24cr x1lziwak x1vvkbs xtlvy1s x126k92a\">\n<div dir=\"auto\">* Fotocopia del t\u00edtulo secundario o certificado de t\u00edtulo en tr\u00e1mite.<\/div>\n<div dir=\"auto\">* Fotocopia de DNI.<\/div>\n<div dir=\"auto\">* Fotocopia de la partida de nacimiento.<\/div>\n<div dir=\"auto\">* Fotocarnet y folio oficio.<\/div>\n<div dir=\"auto\"><\/div>\n<\/div>\n<div class=\"x14z9mp xat24cr x1lziwak x1vvkbs xtlvy1s x126k92a\">\n<div dir=\"auto\">El director remarc\u00f3 que el instituto trabaja desde 1985 y que \u201cla mayor\u00eda de los docentes de nivel Inicial y Primario del distrito se han formado en esta casa\u201d, destacando el compromiso del equipo docente y el impacto en la comunidad educativa de Villarino.<\/div>\n<div dir=\"auto\"><\/div>\n<\/div>\n<div class=\"x14z9mp xat24cr x1lziwak x1vvkbs xtlvy1s x126k92a\">\n<div dir=\"auto\">Las inscripciones se realizan en calle 12 N\u00ba 380, edificio compartido con la Escuela N\u00ba 33, de 17 a 19 horas.<\/div>\n<\/div>\n<div class=\"x14z9mp xat24cr x1lziwak x1vvkbs xtlvy1s x126k92a\">\n<div dir=\"auto\">Finalmente, Silva invit\u00f3 a la comunidad a difundir la informaci\u00f3n y anim\u00f3 especialmente a quienes desean retomar sus estudios: \u201cCuatro a\u00f1os pasan volando. Muchos estudiantes trabajan, tienen hijos o incluso nietos, y a\u00fan as\u00ed logran recibirse con esfuerzo y constancia\u201d.<\/div>\n<div dir=\"auto\"><\/div>\n<\/div>\n<div class=\"x14z9mp xat24cr x1lziwak x1vvkbs xtlvy1s x126k92a\">\n<div dir=\"auto\">Escuch\u00e1 la nota completa a continuaci\u00f3n.<\/div>\n<\/div>\n<div dir=\"auto\"><\/div>\n<div dir=\"auto\">\n<!--[if lt IE 9]><script>document.createElement('audio');<\/script><![endif]-->\n<audio class=\"wp-audio-shortcode\" id=\"audio-28146-1\" preload=\"none\" style=\"width: 100%;\" controls=\"controls\"><source type=\"audio\/mpeg\" src=\"https:\/\/infoluro.com\/wp-content\/uploads\/2025\/12\/WhatsApp-Audio-2025-12-12-at-11.19.14-1.mp3?_=1\" \/><a href=\"https:\/\/infoluro.com\/wp-content\/uploads\/2025\/12\/WhatsApp-Audio-2025-12-12-at-11.19.14-1.mp3\">https:\/\/infoluro.com\/wp-content\/uploads\/2025\/12\/WhatsApp-Audio-2025-12-12-at-11.19.14-1.mp3<\/a><\/audio>\n<\/div>\n<p>&nbsp;<\/p>\n","protected":false},"excerpt":{"rendered":"<p>&nbsp; &nbsp; El Instituto de Formaci\u00f3n Docente N\u00ba 69 de Villarino inform\u00f3 que hasta el&#8230;<\/p>\n","protected":false},"author":2,"featured_media":28148,"comment_status":"closed","ping_status":"closed","sticky":false,"template":"","format":"standard","meta":{"footnotes":""},"categories":[45,12,14,9],"tags":[],"_links":{"self":[{"href":"https:\/\/infoluro.com\/index.php?rest_route=\/wp\/v2\/posts\/28146"}],"collection":[{"href":"https:\/\/infoluro.com\/index.php?rest_route=\/wp\/v2\/posts"}],"about":[{"href":"https:\/\/infoluro.com\/index.php?rest_route=\/wp\/v2\/types\/post"}],"author":[{"embeddable":true,"href":"https:\/\/infoluro.com\/index.php?rest_route=\/wp\/v2\/users\/2"}],"replies":[{"embeddable":true,"href":"https:\/\/infoluro.com\/index.php?rest_route=%2Fwp%2Fv2%2Fcomments&post=28146"}],"version-history":[{"count":1,"href":"https:\/\/infoluro.com\/index.php?rest_route=\/wp\/v2\/posts\/28146\/revisions"}],"predecessor-version":[{"id":28149,"href":"https:\/\/infoluro.com\/index.php?rest_route=\/wp\/v2\/posts\/28146\/revisions\/28149"}],"wp:featuredmedia":[{"embeddable":true,"href":"https:\/\/infoluro.com\/index.php?rest_route=\/wp\/v2\/media\/28148"}],"wp:attachment":[{"href":"https:\/\/infoluro.com\/index.php?rest_route=%2Fwp%2Fv2%2Fmedia&parent=28146"}],"wp:term":[{"taxonomy":"category","embeddable":true,"href":"https:\/\/infoluro.com\/index.php?rest_route=%2Fwp%2Fv2%2Fcategories&post=28146"},{"taxonomy":"post_tag","embeddable":true,"href":"https:\/\/infoluro.com\/index.php?rest_route=%2Fwp%2Fv2%2Ftags&post=28146"}],"curies":[{"name":"wp","href":"https:\/\/api.w.org\/{rel}","templated":true}]}}