{"id":28240,"date":"2026-01-27T11:38:25","date_gmt":"2026-01-27T14:38:25","guid":{"rendered":"https:\/\/infoluro.com\/?p=28240"},"modified":"2026-01-27T11:38:25","modified_gmt":"2026-01-27T14:38:25","slug":"deportes-se-viene-el-torneo-de-futbol-de-veteranos-en-fortin-club","status":"publish","type":"post","link":"https:\/\/infoluro.com\/?p=28240","title":{"rendered":"Deportes : Se viene el Torneo de F\u00fatbol de Veteranos en Fort\u00edn Club"},"content":{"rendered":"<p>&nbsp;<\/p>\n<p>&nbsp;<\/p>\n<p>En comunicaci\u00f3n telef\u00f3nica con Mariano Oliveri( integrante de la iniciativa), se brindaron detalles del Torneo de Veteranos, que se desarrollar\u00e1 del 14 al 17 de febrero en las Canchas de Fort\u00edn Club, con la participaci\u00f3n de distinto equipos.<\/p>\n<p>Oliveri record\u00f3 la gran experiencia vivida el a\u00f1o pasado, cuando el auriverde+50 de Pedro Luro se consagr\u00f3 campe\u00f3n en Santa Rosa, imponi\u00e9ndose en la final ante Ameghino de Comodoro Rivadavia. En ese sentido, destac\u00f3 la importancia de seguir fomentando el f\u00fatbol m\u00e1s all\u00e1 de la etapa competitiva tradicional y de incentivar a los jugadores dentro del f\u00fatbol de veteranos.<\/p>\n<p>Cada equipo deber\u00e1 inscribir un m\u00ednimo de 18 jugadores, con un m\u00e1ximo de 25 personas entre plantel y cuerpo t\u00e9cnico, ya que se trata de una competencia exigente que se disputar\u00e1 durante varios d\u00edas.<\/p>\n<p>El certamen comenzar\u00e1 el s\u00e1bado 14, con partidos de ma\u00f1ana y tarde, continuando el domingo y lunes bajo el mismo formato. Los encuentros se jugar\u00e1n en dos tiempos de 30 minutos, utilizando tanto la canchas de Fort\u00edn Club, y contar\u00e1 con \u00e1rbitros colegiados.<\/p>\n<p>Las invitaciones ya fueron extendidas a clubes de toda la zona, la respuesta ha sido muy positiva, superando las expectativas iniciales de la organizaci\u00f3n.<\/p>\n<p>Para inscribirse o solicitar informaci\u00f3n, los interesados pueden comunicarse a los n\u00fameros de tel\u00e9fono que figuran en el flyer oficial de Fort\u00edn Club en sus redes sociales.<\/p>\n<p>Finalmente, Oliveri invit\u00f3 a la comunidad a disfrutar a puro f\u00fatbol, destacando que el torneo no tiene fines econ\u00f3micos, sino seguir impulsando este tipo de encuentros. Habr\u00e1 trofeos del 1er al 4to puesto, y se espera una importante movida deportiva y social en la localidad.<\/p>\n<p>\u201cEs volver a sentir el f\u00fatbol, compartir con amigos y seguir viviendo esa pasi\u00f3n que no se pierde con los a\u00f1os\u201d, concluy\u00f3.<\/p>\n<p>Escuch\u00e1 la nota completa a continuaci\u00f3n.<\/p>\n<p>#Info #futbol <span class=\"xv78j7m\" spellcheck=\"false\">#villarino<\/span><\/p>\n<!--[if lt IE 9]><script>document.createElement('audio');<\/script><![endif]-->\n<audio class=\"wp-audio-shortcode\" id=\"audio-28240-1\" preload=\"none\" style=\"width: 100%;\" controls=\"controls\"><source type=\"audio\/mpeg\" src=\"https:\/\/infoluro.com\/wp-content\/uploads\/2026\/01\/CAMPEONATOFORTIN.mp3?_=1\" \/><a href=\"https:\/\/infoluro.com\/wp-content\/uploads\/2026\/01\/CAMPEONATOFORTIN.mp3\">https:\/\/infoluro.com\/wp-content\/uploads\/2026\/01\/CAMPEONATOFORTIN.mp3<\/a><\/audio>\n<p>&nbsp;<\/p>\n<p>&nbsp;<\/p>\n<p><img loading=\"lazy\" decoding=\"async\" class=\"alignnone size-medium wp-image-28242\" src=\"https:\/\/infoluro.com\/wp-content\/uploads\/2026\/01\/WhatsApp-Image-2026-01-27-at-11.28.04-252x300.jpeg\" alt=\"\" width=\"252\" height=\"300\" srcset=\"https:\/\/infoluro.com\/wp-content\/uploads\/2026\/01\/WhatsApp-Image-2026-01-27-at-11.28.04-252x300.jpeg 252w, https:\/\/infoluro.com\/wp-content\/uploads\/2026\/01\/WhatsApp-Image-2026-01-27-at-11.28.04-861x1024.jpeg 861w, https:\/\/infoluro.com\/wp-content\/uploads\/2026\/01\/WhatsApp-Image-2026-01-27-at-11.28.04-768x913.jpeg 768w, https:\/\/infoluro.com\/wp-content\/uploads\/2026\/01\/WhatsApp-Image-2026-01-27-at-11.28.04-1024x1217.jpeg 1024w, https:\/\/infoluro.com\/wp-content\/uploads\/2026\/01\/WhatsApp-Image-2026-01-27-at-11.28.04.jpeg 1080w\" sizes=\"(max-width: 252px) 100vw, 252px\" \/><\/p>\n","protected":false},"excerpt":{"rendered":"<p>&nbsp; &nbsp; En comunicaci\u00f3n telef\u00f3nica con Mariano Oliveri( integrante de la iniciativa), se brindaron detalles&#8230;<\/p>\n","protected":false},"author":2,"featured_media":28241,"comment_status":"closed","ping_status":"closed","sticky":false,"template":"","format":"standard","meta":{"footnotes":""},"categories":[45,12,7,4,14,9],"tags":[],"_links":{"self":[{"href":"https:\/\/infoluro.com\/index.php?rest_route=\/wp\/v2\/posts\/28240"}],"collection":[{"href":"https:\/\/infoluro.com\/index.php?rest_route=\/wp\/v2\/posts"}],"about":[{"href":"https:\/\/infoluro.com\/index.php?rest_route=\/wp\/v2\/types\/post"}],"author":[{"embeddable":true,"href":"https:\/\/infoluro.com\/index.php?rest_route=\/wp\/v2\/users\/2"}],"replies":[{"embeddable":true,"href":"https:\/\/infoluro.com\/index.php?rest_route=%2Fwp%2Fv2%2Fcomments&post=28240"}],"version-history":[{"count":1,"href":"https:\/\/infoluro.com\/index.php?rest_route=\/wp\/v2\/posts\/28240\/revisions"}],"predecessor-version":[{"id":28244,"href":"https:\/\/infoluro.com\/index.php?rest_route=\/wp\/v2\/posts\/28240\/revisions\/28244"}],"wp:featuredmedia":[{"embeddable":true,"href":"https:\/\/infoluro.com\/index.php?rest_route=\/wp\/v2\/media\/28241"}],"wp:attachment":[{"href":"https:\/\/infoluro.com\/index.php?rest_route=%2Fwp%2Fv2%2Fmedia&parent=28240"}],"wp:term":[{"taxonomy":"category","embeddable":true,"href":"https:\/\/infoluro.com\/index.php?rest_route=%2Fwp%2Fv2%2Fcategories&post=28240"},{"taxonomy":"post_tag","embeddable":true,"href":"https:\/\/infoluro.com\/index.php?rest_route=%2Fwp%2Fv2%2Ftags&post=28240"}],"curies":[{"name":"wp","href":"https:\/\/api.w.org\/{rel}","templated":true}]}}