{"id":28427,"date":"2026-03-12T09:56:44","date_gmt":"2026-03-12T12:56:44","guid":{"rendered":"https:\/\/infoluro.com\/?p=28427"},"modified":"2026-03-12T09:56:44","modified_gmt":"2026-03-12T12:56:44","slug":"pedro-luro-jornada-sobre-seguridad-alimentaria-y-prevencion-del-suh","status":"publish","type":"post","link":"https:\/\/infoluro.com\/?p=28427","title":{"rendered":"Pedro Luro: Jornada sobre seguridad alimentaria y prevenci\u00f3n del SUH"},"content":{"rendered":"<p>&nbsp;<\/p>\n<p>&nbsp;<\/p>\n<p>&nbsp;<\/p>\n<p>Se llevar\u00e1 adelante una jornada informativa destinada a fortalecer la prevenci\u00f3n de enfermedades de transmisi\u00f3n alimentaria, con especial \u00e9nfasis en el S\u00edndrome Ur\u00e9mico Hemol\u00edtico (SUH).<\/p>\n<p>La actividad es organizada por la Secretar\u00eda de Desarrollo Social en conjunto con la Direcci\u00f3n de Bromatolog\u00eda de la Secretar\u00eda de Salud y estar\u00e1 dirigida a cuidadores, auxiliares, personal docente de instituciones de primera infancia, clubes y tambi\u00e9n a vecinos interesados en conocer m\u00e1s sobre la correcta manipulaci\u00f3n de alimentos.<\/p>\n<p>El primer encuentro se realizar\u00e1 el jueves 19 de marzo a las 9:00 horas en el Auditorio Municipal de Pedro Luro. Durante la jornada se brindar\u00e1 informaci\u00f3n sobre pr\u00e1cticas seguras en la preparaci\u00f3n y conservaci\u00f3n de alimentos, medidas de higiene y recomendaciones para prevenir enfermedades alimentarias, especialmente en espacios donde asisten ni\u00f1os.<\/p>\n<p>Las capacitaciones continuar\u00e1n en otras localidades del distrito:<\/p>\n<ul>\n<li>Mi\u00e9rcoles 25 de marzo a las 9:00, en el Centro de Desarrollo Infantil de Hilario Ascasubi.<\/li>\n<li>Jueves 26 de marzo a las 9:00, en el Centro Educativo y Cultural de Mayor Buratovich.<\/li>\n<\/ul>\n<p>Desde el \u00e1rea de Bromatolog\u00eda, a cargo de Magali Nardi, se destac\u00f3 la importancia de estas instancias de capacitaci\u00f3n para promover h\u00e1bitos seguros en la manipulaci\u00f3n de alimentos y reducir riesgos de enfermedades que afectan principalmente a los ni\u00f1os.<\/p>\n<p>El S\u00edndrome Ur\u00e9mico Hemol\u00edtico es una enfermedad grave que puede prevenirse con medidas b\u00e1sicas de higiene, correcta cocci\u00f3n de los alimentos y una adecuada manipulaci\u00f3n en cocinas hogare\u00f1as e institucionales. Por ello, las autoridades invitan a la comunidad a participar de estas jornadas abiertas que buscan reforzar la educaci\u00f3n sanitaria en todo el distrito.<\/p>\n<p>Escuch\u00e1 la nota a continuaci\u00f3n<\/p>\n<!--[if lt IE 9]><script>document.createElement('audio');<\/script><![endif]-->\n<audio class=\"wp-audio-shortcode\" id=\"audio-28427-1\" preload=\"none\" style=\"width: 100%;\" controls=\"controls\"><source type=\"audio\/mpeg\" src=\"https:\/\/infoluro.com\/wp-content\/uploads\/2026\/03\/WhatsApp-Audio-2026-03-12-at-09.43.21-1.mp3?_=1\" \/><a href=\"https:\/\/infoluro.com\/wp-content\/uploads\/2026\/03\/WhatsApp-Audio-2026-03-12-at-09.43.21-1.mp3\">https:\/\/infoluro.com\/wp-content\/uploads\/2026\/03\/WhatsApp-Audio-2026-03-12-at-09.43.21-1.mp3<\/a><\/audio>\n<p>&nbsp;<\/p>\n<p>&nbsp;<\/p>\n<p>&nbsp;<\/p>\n<p><img loading=\"lazy\" decoding=\"async\" class=\"alignnone size-medium wp-image-28431\" src=\"https:\/\/infoluro.com\/wp-content\/uploads\/2026\/03\/WhatsApp-Image-2026-03-11-at-12.38.08-1-300x169.jpeg\" alt=\"\" width=\"300\" height=\"169\" srcset=\"https:\/\/infoluro.com\/wp-content\/uploads\/2026\/03\/WhatsApp-Image-2026-03-11-at-12.38.08-1-300x169.jpeg 300w, https:\/\/infoluro.com\/wp-content\/uploads\/2026\/03\/WhatsApp-Image-2026-03-11-at-12.38.08-1-1024x576.jpeg 1024w, https:\/\/infoluro.com\/wp-content\/uploads\/2026\/03\/WhatsApp-Image-2026-03-11-at-12.38.08-1-768x432.jpeg 768w, https:\/\/infoluro.com\/wp-content\/uploads\/2026\/03\/WhatsApp-Image-2026-03-11-at-12.38.08-1.jpeg 1280w\" sizes=\"(max-width: 300px) 100vw, 300px\" \/>\u00a0 \u00a0 \u00a0 \u00a0 <img loading=\"lazy\" decoding=\"async\" class=\"alignnone size-medium wp-image-28430\" src=\"https:\/\/infoluro.com\/wp-content\/uploads\/2026\/03\/WhatsApp-Image-2026-03-11-at-12.38.11-300x169.jpeg\" alt=\"\" width=\"300\" height=\"169\" srcset=\"https:\/\/infoluro.com\/wp-content\/uploads\/2026\/03\/WhatsApp-Image-2026-03-11-at-12.38.11-300x169.jpeg 300w, https:\/\/infoluro.com\/wp-content\/uploads\/2026\/03\/WhatsApp-Image-2026-03-11-at-12.38.11-1024x576.jpeg 1024w, https:\/\/infoluro.com\/wp-content\/uploads\/2026\/03\/WhatsApp-Image-2026-03-11-at-12.38.11-768x432.jpeg 768w, https:\/\/infoluro.com\/wp-content\/uploads\/2026\/03\/WhatsApp-Image-2026-03-11-at-12.38.11.jpeg 1280w\" sizes=\"(max-width: 300px) 100vw, 300px\" \/><\/p>\n","protected":false},"excerpt":{"rendered":"<p>&nbsp; &nbsp; &nbsp; Se llevar\u00e1 adelante una jornada informativa destinada a fortalecer la prevenci\u00f3n de&#8230;<\/p>\n","protected":false},"author":2,"featured_media":28429,"comment_status":"closed","ping_status":"closed","sticky":false,"template":"","format":"standard","meta":{"footnotes":""},"categories":[45,12,14,9],"tags":[],"_links":{"self":[{"href":"https:\/\/infoluro.com\/index.php?rest_route=\/wp\/v2\/posts\/28427"}],"collection":[{"href":"https:\/\/infoluro.com\/index.php?rest_route=\/wp\/v2\/posts"}],"about":[{"href":"https:\/\/infoluro.com\/index.php?rest_route=\/wp\/v2\/types\/post"}],"author":[{"embeddable":true,"href":"https:\/\/infoluro.com\/index.php?rest_route=\/wp\/v2\/users\/2"}],"replies":[{"embeddable":true,"href":"https:\/\/infoluro.com\/index.php?rest_route=%2Fwp%2Fv2%2Fcomments&post=28427"}],"version-history":[{"count":1,"href":"https:\/\/infoluro.com\/index.php?rest_route=\/wp\/v2\/posts\/28427\/revisions"}],"predecessor-version":[{"id":28432,"href":"https:\/\/infoluro.com\/index.php?rest_route=\/wp\/v2\/posts\/28427\/revisions\/28432"}],"wp:featuredmedia":[{"embeddable":true,"href":"https:\/\/infoluro.com\/index.php?rest_route=\/wp\/v2\/media\/28429"}],"wp:attachment":[{"href":"https:\/\/infoluro.com\/index.php?rest_route=%2Fwp%2Fv2%2Fmedia&parent=28427"}],"wp:term":[{"taxonomy":"category","embeddable":true,"href":"https:\/\/infoluro.com\/index.php?rest_route=%2Fwp%2Fv2%2Fcategories&post=28427"},{"taxonomy":"post_tag","embeddable":true,"href":"https:\/\/infoluro.com\/index.php?rest_route=%2Fwp%2Fv2%2Ftags&post=28427"}],"curies":[{"name":"wp","href":"https:\/\/api.w.org\/{rel}","templated":true}]}}