{"id":28439,"date":"2026-03-13T11:30:47","date_gmt":"2026-03-13T14:30:47","guid":{"rendered":"https:\/\/infoluro.com\/?p=28439"},"modified":"2026-03-13T11:58:25","modified_gmt":"2026-03-13T14:58:25","slug":"pedro-luro-el-club-villa-obrera-organiza-la-fiesta-de-la-torta-frita","status":"publish","type":"post","link":"https:\/\/infoluro.com\/?p=28439","title":{"rendered":"Pedro Luro: El Club Villa-Obrera Organiza la Fiesta de la Torta Frita"},"content":{"rendered":"<p>&nbsp;<\/p>\n<p>&nbsp;<\/p>\n<p>El <strong>Club Villa-obrera de Pedro Luro<\/strong> se encuentra organizando la primera <strong>Fiesta de la Torta Frita<\/strong>, un evento pensado para toda la familia que busca convertirse en un nuevo punto de encuentro para vecinos y visitantes de la regi\u00f3n.<\/p>\n<p>La iniciativa surgi\u00f3 a partir de una propuesta de Ram\u00f3n \u00c1lvarez( locutor local9 y r\u00e1pidamente fue tomada por la comisi\u00f3n directiva del club, que comenz\u00f3 a trabajar en la organizaci\u00f3n hace aproximadamente un mes. Desde la instituci\u00f3n destacaron que se trata de una propuesta distinta para la comunidad y que ya est\u00e1 generando una muy buena repercusi\u00f3n, con consultas y participaci\u00f3n de personas de la localidad y de ciudades cercanas como Bah\u00eda Blanca.<\/p>\n<p>La fiesta se realizar\u00e1 el <strong>s\u00e1bado 11 de abril desde las 16 horas<\/strong> en las instalaciones del club. Durante la jornada habr\u00e1 <strong>venta de tortas fritas<\/strong>, con distintas variedades: dulces con levadura, saladas sin levadura ,tortas fritas rellenas etc.<\/p>\n<p>Adem\u00e1s, el evento contar\u00e1 con <strong>escenario art\u00edstico con m\u00fasicos y artistas locales y de la zona<\/strong>, una propuesta abierta para quienes quieran mostrar su talento. Tambi\u00e9n se presentar\u00e1n <strong>agrupaciones folkl\u00f3ricas<\/strong>, acompa\u00f1ando el esp\u00edritu cultural de la celebraci\u00f3n.<\/p>\n<p>Otro de los ejes de la fiesta ser\u00e1 el espacio destinado a <strong>emprendedores y productores regionales<\/strong>, donde se podr\u00e1n encontrar productos de elaboraci\u00f3n propia como conservas, artesan\u00edas, cer\u00e1mica, cuadros y diferentes creaciones locales.<\/p>\n<p>La propuesta continuar\u00e1 por la noche con <strong>cantina y pe\u00f1a libre<\/strong>, para que los asistentes puedan quedarse a disfrutar de la m\u00fasica y el encuentro entre vecinos.<\/p>\n<p>Desde la organizaci\u00f3n remarcaron que el evento tendr\u00e1 <strong>entrada libre y gratuita<\/strong>, y que la intenci\u00f3n es generar un espacio familiar y de participaci\u00f3n comunitaria, abierto tambi\u00e9n a turistas que visiten la regi\u00f3n ese fin de semana.<\/p>\n<p>La <strong>Fiesta de la Torta Frita<\/strong> promete combinar gastronom\u00eda, m\u00fasica, emprendedores y cultura local en una jornada pensada para compartir en comunidad.<\/p>\n<p>Escuch\u00e1 la nota realizada a la Organizadora y adem\u00e1s Integrante de la Comisi\u00f3n Directiva del Club Trinidad Dell a continuaci\u00f3n<\/p>\n<p>&nbsp;<\/p>\n<!--[if lt IE 9]><script>document.createElement('audio');<\/script><![endif]-->\n<audio class=\"wp-audio-shortcode\" id=\"audio-28439-1\" preload=\"none\" style=\"width: 100%;\" controls=\"controls\"><source type=\"audio\/mpeg\" src=\"https:\/\/infoluro.com\/wp-content\/uploads\/2026\/03\/WhatsApp-Audio-2026-03-13-at-11.07.20.mp3?_=1\" \/><a href=\"https:\/\/infoluro.com\/wp-content\/uploads\/2026\/03\/WhatsApp-Audio-2026-03-13-at-11.07.20.mp3\">https:\/\/infoluro.com\/wp-content\/uploads\/2026\/03\/WhatsApp-Audio-2026-03-13-at-11.07.20.mp3<\/a><\/audio>\n<p>&nbsp;<\/p>\n<p><img loading=\"lazy\" decoding=\"async\" class=\"alignnone size-medium wp-image-28440\" src=\"https:\/\/infoluro.com\/wp-content\/uploads\/2026\/03\/650098638_18074912858538631_1771603473826521385_n-240x300.jpg\" alt=\"\" width=\"240\" height=\"300\" srcset=\"https:\/\/infoluro.com\/wp-content\/uploads\/2026\/03\/650098638_18074912858538631_1771603473826521385_n-240x300.jpg 240w, https:\/\/infoluro.com\/wp-content\/uploads\/2026\/03\/650098638_18074912858538631_1771603473826521385_n-819x1024.jpg 819w, https:\/\/infoluro.com\/wp-content\/uploads\/2026\/03\/650098638_18074912858538631_1771603473826521385_n-768x960.jpg 768w, https:\/\/infoluro.com\/wp-content\/uploads\/2026\/03\/650098638_18074912858538631_1771603473826521385_n-1229x1536.jpg 1229w, https:\/\/infoluro.com\/wp-content\/uploads\/2026\/03\/650098638_18074912858538631_1771603473826521385_n-1024x1280.jpg 1024w, https:\/\/infoluro.com\/wp-content\/uploads\/2026\/03\/650098638_18074912858538631_1771603473826521385_n.jpg 1440w\" sizes=\"(max-width: 240px) 100vw, 240px\" \/><\/p>\n<p>&nbsp;<\/p>\n<p>&nbsp;<\/p>\n<p>&nbsp;<\/p>\n","protected":false},"excerpt":{"rendered":"<p>&nbsp; &nbsp; El Club Villa-obrera de Pedro Luro se encuentra organizando la primera Fiesta de&#8230;<\/p>\n","protected":false},"author":2,"featured_media":28442,"comment_status":"closed","ping_status":"closed","sticky":false,"template":"","format":"standard","meta":{"footnotes":""},"categories":[45,12,4,14,9],"tags":[],"_links":{"self":[{"href":"https:\/\/infoluro.com\/index.php?rest_route=\/wp\/v2\/posts\/28439"}],"collection":[{"href":"https:\/\/infoluro.com\/index.php?rest_route=\/wp\/v2\/posts"}],"about":[{"href":"https:\/\/infoluro.com\/index.php?rest_route=\/wp\/v2\/types\/post"}],"author":[{"embeddable":true,"href":"https:\/\/infoluro.com\/index.php?rest_route=\/wp\/v2\/users\/2"}],"replies":[{"embeddable":true,"href":"https:\/\/infoluro.com\/index.php?rest_route=%2Fwp%2Fv2%2Fcomments&post=28439"}],"version-history":[{"count":2,"href":"https:\/\/infoluro.com\/index.php?rest_route=\/wp\/v2\/posts\/28439\/revisions"}],"predecessor-version":[{"id":28447,"href":"https:\/\/infoluro.com\/index.php?rest_route=\/wp\/v2\/posts\/28439\/revisions\/28447"}],"wp:featuredmedia":[{"embeddable":true,"href":"https:\/\/infoluro.com\/index.php?rest_route=\/wp\/v2\/media\/28442"}],"wp:attachment":[{"href":"https:\/\/infoluro.com\/index.php?rest_route=%2Fwp%2Fv2%2Fmedia&parent=28439"}],"wp:term":[{"taxonomy":"category","embeddable":true,"href":"https:\/\/infoluro.com\/index.php?rest_route=%2Fwp%2Fv2%2Fcategories&post=28439"},{"taxonomy":"post_tag","embeddable":true,"href":"https:\/\/infoluro.com\/index.php?rest_route=%2Fwp%2Fv2%2Ftags&post=28439"}],"curies":[{"name":"wp","href":"https:\/\/api.w.org\/{rel}","templated":true}]}}