{"id":28465,"date":"2026-03-16T11:45:24","date_gmt":"2026-03-16T14:45:24","guid":{"rendered":"https:\/\/infoluro.com\/?p=28465"},"modified":"2026-03-16T11:55:26","modified_gmt":"2026-03-16T14:55:26","slug":"astronomia-y-turismo-las-termas-de-pedro-luro-seran-escenario-de-una-star-party","status":"publish","type":"post","link":"https:\/\/infoluro.com\/?p=28465","title":{"rendered":"Astronom\u00eda y Turismo: las Termas de Pedro Luro ser\u00e1n escenario de una \u201cStar Party\u201d"},"content":{"rendered":"<p>&nbsp;<\/p>\n<p>Las Termas de Pedro Luro ser\u00e1n sede de una propuesta diferente que combina ciencia, naturaleza y turismo: una experiencia de observaci\u00f3n astron\u00f3mica denominada \u201cStar Party\u201d, que permitir\u00e1 explorar el cielo del sudoeste bonaerense.<\/p>\n<p>La actividad estar\u00e1 a cargo del astr\u00f3nomo Javier G\u00f3mez, titular del Planetario de Sierra de la Ventana, quien destac\u00f3 que la regi\u00f3n posee condiciones muy favorables para la observaci\u00f3n del cielo.<\/p>\n<p>Seg\u00fan explic\u00f3, si bien el cielo observable de la zona de Sierra de la Ventana es \u00f3ptimo, el \u00e1rea de Pedro Luro tambi\u00e9n ofrece excelentes condiciones debido a la baja urbanizaci\u00f3n, lo que permite contar con un cielo oscuro y sin contaminaci\u00f3n lum\u00ednica.<\/p>\n<p>\u201cAl estar alejados de grandes centros urbanos, el cielo es mucho m\u00e1s trasl\u00facido y permite observar con mayor claridad distintos objetos celestes\u201d, explic\u00f3 el especialista.<\/p>\n<p>Durante la experiencia, los participantes podr\u00e1n observar constelaciones y diversos fen\u00f3menos del universo. Entre ellas se destacan Ori\u00f3n, considerada una de las m\u00e1s imponentes del cielo de verano, y la emblem\u00e1tica Cruz del Sur, caracter\u00edstica del hemisferio sur.<\/p>\n<p>\ud83d\udcc5Domingo 22 de marzo<br \/>\n\ud83d\udccdDuraci\u00f3n: 2,5hs<br \/>\n\ud83d\udcb2Valor: $45.000 por persona<br \/>\nCupos limitados.<\/p>\n<p>\ud83c\udf20Una experiencia para mirar el cielo, desde la costa del Rio Colorado\u2026 y sorprenderse! No te lo pierdas.<\/p>\n<p>&nbsp;<\/p>\n<p>Escuch\u00e1 la nota completa a continuaci\u00f3n<\/p>\n<p>&nbsp;<\/p>\n<!--[if lt IE 9]><script>document.createElement('audio');<\/script><![endif]-->\n<audio class=\"wp-audio-shortcode\" id=\"audio-28465-1\" preload=\"none\" style=\"width: 100%;\" controls=\"controls\"><source type=\"audio\/mpeg\" src=\"https:\/\/infoluro.com\/wp-content\/uploads\/2026\/03\/WhatsApp-Audio-2026-03-16-at-10.32.07.mp3?_=1\" \/><a href=\"https:\/\/infoluro.com\/wp-content\/uploads\/2026\/03\/WhatsApp-Audio-2026-03-16-at-10.32.07.mp3\">https:\/\/infoluro.com\/wp-content\/uploads\/2026\/03\/WhatsApp-Audio-2026-03-16-at-10.32.07.mp3<\/a><\/audio>\n<p>&nbsp;<\/p>\n<p>&nbsp;<\/p>\n","protected":false},"excerpt":{"rendered":"<p>&nbsp; Las Termas de Pedro Luro ser\u00e1n sede de una propuesta diferente que combina ciencia,&#8230;<\/p>\n","protected":false},"author":2,"featured_media":28467,"comment_status":"closed","ping_status":"closed","sticky":false,"template":"","format":"standard","meta":{"footnotes":""},"categories":[45,12,4,14,9],"tags":[],"_links":{"self":[{"href":"https:\/\/infoluro.com\/index.php?rest_route=\/wp\/v2\/posts\/28465"}],"collection":[{"href":"https:\/\/infoluro.com\/index.php?rest_route=\/wp\/v2\/posts"}],"about":[{"href":"https:\/\/infoluro.com\/index.php?rest_route=\/wp\/v2\/types\/post"}],"author":[{"embeddable":true,"href":"https:\/\/infoluro.com\/index.php?rest_route=\/wp\/v2\/users\/2"}],"replies":[{"embeddable":true,"href":"https:\/\/infoluro.com\/index.php?rest_route=%2Fwp%2Fv2%2Fcomments&post=28465"}],"version-history":[{"count":4,"href":"https:\/\/infoluro.com\/index.php?rest_route=\/wp\/v2\/posts\/28465\/revisions"}],"predecessor-version":[{"id":28471,"href":"https:\/\/infoluro.com\/index.php?rest_route=\/wp\/v2\/posts\/28465\/revisions\/28471"}],"wp:featuredmedia":[{"embeddable":true,"href":"https:\/\/infoluro.com\/index.php?rest_route=\/wp\/v2\/media\/28467"}],"wp:attachment":[{"href":"https:\/\/infoluro.com\/index.php?rest_route=%2Fwp%2Fv2%2Fmedia&parent=28465"}],"wp:term":[{"taxonomy":"category","embeddable":true,"href":"https:\/\/infoluro.com\/index.php?rest_route=%2Fwp%2Fv2%2Fcategories&post=28465"},{"taxonomy":"post_tag","embeddable":true,"href":"https:\/\/infoluro.com\/index.php?rest_route=%2Fwp%2Fv2%2Ftags&post=28465"}],"curies":[{"name":"wp","href":"https:\/\/api.w.org\/{rel}","templated":true}]}}