{"id":28561,"date":"2026-04-27T12:18:41","date_gmt":"2026-04-27T15:18:41","guid":{"rendered":"https:\/\/infoluro.com\/?p=28561"},"modified":"2026-04-27T13:44:33","modified_gmt":"2026-04-27T16:44:33","slug":"villarino-balance-positivo-tras-la-alerta-por-fuertes-vientos","status":"publish","type":"post","link":"https:\/\/infoluro.com\/?p=28561","title":{"rendered":"Villarino: Balance Positivo tr\u00e1s la Alerta Por Fuertes Vientos"},"content":{"rendered":"<p>&nbsp;<\/p>\n<div class=\"xdj266r x14z9mp xat24cr x1lziwak x1vvkbs x126k92a\">\n<div dir=\"auto\"><\/div>\n<\/div>\n<div class=\"x14z9mp xat24cr x1lziwak x1vvkbs xtlvy1s x126k92a\">\n<div dir=\"auto\">El Secretario de Protecci\u00f3n Ciudadana de Villarino, Gustavo Pacheco, realiz\u00f3 un balance positivo luego del paso de la alerta amarilla y naranja por fuertes vientos que afect\u00f3 a la regi\u00f3n durante el fin de semana.<\/div>\n<div dir=\"auto\"><\/div>\n<\/div>\n<div class=\"x14z9mp xat24cr x1lziwak x1vvkbs xtlvy1s x126k92a\">\n<div dir=\"auto\">Destac\u00f3 que, a pesar de la intensidad del fen\u00f3meno clim\u00e1tico pronosticado por el Servicio Meteorol\u00f3gico Nacional, no se registraron situaciones graves que requirieran intervenciones de emergencia significativas. \u201cEl balance es positivo, m\u00e1s all\u00e1 de algunos \u00e1rboles ca\u00eddos producto de los vientos intensos\u201d, se\u00f1al\u00f3.<\/div>\n<div dir=\"auto\"><\/div>\n<\/div>\n<div class=\"x14z9mp xat24cr x1lziwak x1vvkbs xtlvy1s x126k92a\">\n<div dir=\"auto\">Pacheco explic\u00f3 que el buen resultado se debi\u00f3 en gran parte a la correcta implementaci\u00f3n del protocolo preventivo activado el s\u00e1bado. Este incluy\u00f3 un trabajo coordinado entre distintas \u00e1reas como Defensa Civil, Bomberos, Polic\u00eda, el sistema de Salud y delegaciones municipales.<\/div>\n<div dir=\"auto\"><\/div>\n<\/div>\n<div class=\"x14z9mp xat24cr x1lziwak x1vvkbs xtlvy1s x126k92a\">\n<div dir=\"auto\">Adem\u00e1s, remarc\u00f3 la importancia de la comunicaci\u00f3n constante con organismos provinciales y nacionales, lo que permiti\u00f3 contar con informaci\u00f3n meteorol\u00f3gica actualizada en todo momento y anticipar medidas de prevenci\u00f3n. \u201cSe trabaj\u00f3 durante toda la semana con reportes permanentes que nos dieron un panorama claro de la situaci\u00f3n\u201d, indic\u00f3.<\/div>\n<div dir=\"auto\"><\/div>\n<\/div>\n<div class=\"x14z9mp xat24cr x1lziwak x1vvkbs xtlvy1s x126k92a\">\n<div dir=\"auto\">En cuanto al cumplimiento de las restricciones, el secretario se\u00f1al\u00f3 que fue \u201ccasi total\u201d. Sin embargo, mencion\u00f3 una intervenci\u00f3n puntual en la zona sur del distrito, espec\u00edficamente en Pedro Luro, donde se debi\u00f3 suspender una reuni\u00f3n religiosa que no respetaba la normativa vigente ante alerta naranja.<\/div>\n<div dir=\"auto\"><\/div>\n<\/div>\n<div class=\"x14z9mp xat24cr x1lziwak x1vvkbs xtlvy1s x126k92a\">\n<div dir=\"auto\">Finalmente, hizo un llamado a la comunidad a respetar este tipo de disposiciones. \u201cEstas medidas son preventivas y buscan evitar situaciones que puedan poner en riesgo a la poblaci\u00f3n. Es fundamental tomar conciencia y cumplirlas\u201d, concluy\u00f3.<\/div>\n<div dir=\"auto\"><\/div>\n<\/div>\n<div class=\"x14z9mp xat24cr x1lziwak x1vvkbs xtlvy1s x126k92a\">\n<div dir=\"auto\">Escuch\u00e1 la nota completa a continuaci\u00f3n.<\/div>\n<\/div>\n<div dir=\"auto\">\n<!--[if lt IE 9]><script>document.createElement('audio');<\/script><![endif]-->\n<audio class=\"wp-audio-shortcode\" id=\"audio-28561-1\" preload=\"none\" style=\"width: 100%;\" controls=\"controls\"><source type=\"audio\/mpeg\" src=\"https:\/\/infoluro.com\/wp-content\/uploads\/2026\/04\/WhatsApp-Audio-2026-04-27-at-11.37.58-1.mp3?_=1\" \/><a href=\"https:\/\/infoluro.com\/wp-content\/uploads\/2026\/04\/WhatsApp-Audio-2026-04-27-at-11.37.58-1.mp3\">https:\/\/infoluro.com\/wp-content\/uploads\/2026\/04\/WhatsApp-Audio-2026-04-27-at-11.37.58-1.mp3<\/a><\/audio>\n<\/div>\n<p>&nbsp;<\/p>\n<p><img loading=\"lazy\" decoding=\"async\" class=\"alignnone size-medium wp-image-28562\" src=\"https:\/\/infoluro.com\/wp-content\/uploads\/2026\/04\/WhatsApp-Image-2026-04-27-at-11.52.07-1-264x300.jpeg\" alt=\"\" width=\"264\" height=\"300\" srcset=\"https:\/\/infoluro.com\/wp-content\/uploads\/2026\/04\/WhatsApp-Image-2026-04-27-at-11.52.07-1-264x300.jpeg 264w, https:\/\/infoluro.com\/wp-content\/uploads\/2026\/04\/WhatsApp-Image-2026-04-27-at-11.52.07-1.jpeg 434w\" sizes=\"(max-width: 264px) 100vw, 264px\" \/><\/p>\n<p>Secretario de Protecci\u00f3n Ciudadana de Villarino, Gustavo Pacheco.<\/p>\n","protected":false},"excerpt":{"rendered":"<p>&nbsp; El Secretario de Protecci\u00f3n Ciudadana de Villarino, Gustavo Pacheco, realiz\u00f3 un balance positivo luego&#8230;<\/p>\n","protected":false},"author":2,"featured_media":28563,"comment_status":"closed","ping_status":"closed","sticky":false,"template":"","format":"standard","meta":{"footnotes":""},"categories":[45,12,4,14,9],"tags":[],"_links":{"self":[{"href":"https:\/\/infoluro.com\/index.php?rest_route=\/wp\/v2\/posts\/28561"}],"collection":[{"href":"https:\/\/infoluro.com\/index.php?rest_route=\/wp\/v2\/posts"}],"about":[{"href":"https:\/\/infoluro.com\/index.php?rest_route=\/wp\/v2\/types\/post"}],"author":[{"embeddable":true,"href":"https:\/\/infoluro.com\/index.php?rest_route=\/wp\/v2\/users\/2"}],"replies":[{"embeddable":true,"href":"https:\/\/infoluro.com\/index.php?rest_route=%2Fwp%2Fv2%2Fcomments&post=28561"}],"version-history":[{"count":3,"href":"https:\/\/infoluro.com\/index.php?rest_route=\/wp\/v2\/posts\/28561\/revisions"}],"predecessor-version":[{"id":28568,"href":"https:\/\/infoluro.com\/index.php?rest_route=\/wp\/v2\/posts\/28561\/revisions\/28568"}],"wp:featuredmedia":[{"embeddable":true,"href":"https:\/\/infoluro.com\/index.php?rest_route=\/wp\/v2\/media\/28563"}],"wp:attachment":[{"href":"https:\/\/infoluro.com\/index.php?rest_route=%2Fwp%2Fv2%2Fmedia&parent=28561"}],"wp:term":[{"taxonomy":"category","embeddable":true,"href":"https:\/\/infoluro.com\/index.php?rest_route=%2Fwp%2Fv2%2Fcategories&post=28561"},{"taxonomy":"post_tag","embeddable":true,"href":"https:\/\/infoluro.com\/index.php?rest_route=%2Fwp%2Fv2%2Ftags&post=28561"}],"curies":[{"name":"wp","href":"https:\/\/api.w.org\/{rel}","templated":true}]}}