{"id":29017,"date":"2026-09-01T10:30:15","date_gmt":"2026-09-01T13:30:15","guid":{"rendered":"https:\/\/infoluro.com\/?p=29017"},"modified":"2026-09-01T10:39:14","modified_gmt":"2026-09-01T13:39:14","slug":"hilario-ascasubi-celebra-sus-114-anos-con-actividades-y-la-inauguracion-escuela-secundaria-n8","status":"publish","type":"post","link":"https:\/\/infoluro.com\/?p=29017","title":{"rendered":"Hilario Ascasubi Celebra Sus 114 A\u00f1os Con Actividades Y La Inauguraci\u00f3n de la Escuela Secundaria N\u00b08"},"content":{"rendered":"<p>&nbsp;<\/p>\n<p>&nbsp;<\/p>\n<p>&nbsp;<\/p>\n<p>&nbsp;<\/p>\n<p>&nbsp;<\/p>\n<p class=\"isSelectedEnd\">Hilario Ascasubi celebra este nuevo aniversario con una agenda cargada de actividades y anuncios importantes para la comunidad. En el marco de los 114 a\u00f1os de la localidad, la delegada Bel\u00e9n Hern\u00e1ndez dialog\u00f3 con FM y destac\u00f3 la importancia de esta fecha para los vecinos.<\/p>\n<p class=\"isSelectedEnd\">\u201cHoy es un d\u00eda muy especial para toda la comunidad de Hilario Ascasubi porque estamos celebrando un nuevo aniversario, 114 a\u00f1os\u201d, se\u00f1al\u00f3 Hern\u00e1ndez durante la entrevista.<\/p>\n<p class=\"isSelectedEnd\">La funcionaria confirm\u00f3 que este martes, a las 10 horas, se realiz\u00f3 un acto organizado por la Casa de la Cultura, mientras que los festejos centrales continuar\u00e1n durante el pr\u00f3ximo fin de semana.<\/p>\n<p class=\"isSelectedEnd\">El s\u00e1bado 5 se desarrollar\u00e1 la tradicional Feria de Artesanos, acompa\u00f1ada por distintos n\u00fameros art\u00edsticos en el escenario local. En tanto, el domingo 6, entre las 9 y las 9:30 de la ma\u00f1ana, tendr\u00e1 lugar el acto protocolar y el desfile central por el aniversario de la localidad.<\/p>\n<p class=\"isSelectedEnd\">Hern\u00e1ndez tambi\u00e9n se refiri\u00f3 al crecimiento de Hilario Ascasubi a lo largo de los a\u00f1os y remarc\u00f3 especialmente el rol de las instituciones locales.<\/p>\n<p class=\"isSelectedEnd\">\u201cDesde que yo soy chica, sobre todo lo que son las instituciones, se han fortalecido much\u00edsimo. Tienen un papel important\u00edsimo porque son las que forjan todo lo que es el arraigo local y el trabajo en equipo\u201d, expres\u00f3.<\/p>\n<h2>\u201cLAS NECESIDADES DE LA GENTE NO TIENEN COLORES POL\u00cdTICOS\u201d<\/h2>\n<p class=\"isSelectedEnd\">Durante la entrevista tambi\u00e9n destac\u00f3 la importancia de mantener el di\u00e1logo y gestionar obras y servicios independientemente de las diferencias pol\u00edticas.<\/p>\n<p class=\"isSelectedEnd\">\u201cUno se tiene que sentar y gestionar con cada pol\u00edtico que est\u00e1 de turno, funcionario, y tener la capacidad de poder dialogar para que todas estas cosas lleguen\u201d, sostuvo.<\/p>\n<p class=\"isSelectedEnd\">En ese sentido, remarc\u00f3 una frase que, seg\u00fan se\u00f1al\u00f3, forma parte de la manera de trabajar del intendente Carlos Bevilacqua: \u201cLas necesidades de la gente no tienen colores pol\u00edticos\u201d.<\/p>\n<p>De esta manera, Hilario Ascasubi transita sus 114 a\u00f1os con una celebraci\u00f3n que combina historia, participaci\u00f3n comunitaria y nuevos proyectos para la localidad, con la inauguraci\u00f3n de la Escuela Secundaria N.\u00ba 8 como uno de los acontecimientos centrales de este aniversario.<\/p>\n<p>&nbsp;<\/p>\n<p>Escuch\u00e1 la nota completa a continuaci\u00f3n<\/p>\n<!--[if lt IE 9]><script>document.createElement('audio');<\/script><![endif]-->\n<audio class=\"wp-audio-shortcode\" id=\"audio-29017-1\" preload=\"none\" style=\"width: 100%;\" controls=\"controls\"><source type=\"audio\/mpeg\" src=\"https:\/\/infoluro.com\/wp-content\/uploads\/2026\/09\/BELENHERNANDEZ0109206.mp3?_=1\" \/><a href=\"https:\/\/infoluro.com\/wp-content\/uploads\/2026\/09\/BELENHERNANDEZ0109206.mp3\">https:\/\/infoluro.com\/wp-content\/uploads\/2026\/09\/BELENHERNANDEZ0109206.mp3<\/a><\/audio>\n<p>&nbsp;<\/p>\n<p>&nbsp;<\/p>\n","protected":false},"excerpt":{"rendered":"<p>&nbsp; &nbsp; &nbsp; &nbsp; &nbsp; Hilario Ascasubi celebra este nuevo aniversario con una agenda cargada&#8230;<\/p>\n","protected":false},"author":2,"featured_media":29020,"comment_status":"closed","ping_status":"closed","sticky":false,"template":"","format":"standard","meta":{"footnotes":""},"categories":[45,12,4,10,9],"tags":[],"_links":{"self":[{"href":"https:\/\/infoluro.com\/index.php?rest_route=\/wp\/v2\/posts\/29017"}],"collection":[{"href":"https:\/\/infoluro.com\/index.php?rest_route=\/wp\/v2\/posts"}],"about":[{"href":"https:\/\/infoluro.com\/index.php?rest_route=\/wp\/v2\/types\/post"}],"author":[{"embeddable":true,"href":"https:\/\/infoluro.com\/index.php?rest_route=\/wp\/v2\/users\/2"}],"replies":[{"embeddable":true,"href":"https:\/\/infoluro.com\/index.php?rest_route=%2Fwp%2Fv2%2Fcomments&post=29017"}],"version-history":[{"count":2,"href":"https:\/\/infoluro.com\/index.php?rest_route=\/wp\/v2\/posts\/29017\/revisions"}],"predecessor-version":[{"id":29022,"href":"https:\/\/infoluro.com\/index.php?rest_route=\/wp\/v2\/posts\/29017\/revisions\/29022"}],"wp:featuredmedia":[{"embeddable":true,"href":"https:\/\/infoluro.com\/index.php?rest_route=\/wp\/v2\/media\/29020"}],"wp:attachment":[{"href":"https:\/\/infoluro.com\/index.php?rest_route=%2Fwp%2Fv2%2Fmedia&parent=29017"}],"wp:term":[{"taxonomy":"category","embeddable":true,"href":"https:\/\/infoluro.com\/index.php?rest_route=%2Fwp%2Fv2%2Fcategories&post=29017"},{"taxonomy":"post_tag","embeddable":true,"href":"https:\/\/infoluro.com\/index.php?rest_route=%2Fwp%2Fv2%2Ftags&post=29017"}],"curies":[{"name":"wp","href":"https:\/\/api.w.org\/{rel}","templated":true}]}}