{"id":29023,"date":"2026-09-01T11:42:10","date_gmt":"2026-09-01T14:42:10","guid":{"rendered":"https:\/\/infoluro.com\/?p=29023"},"modified":"2026-09-01T11:48:46","modified_gmt":"2026-09-01T14:48:46","slug":"pedro-luro-se-llevara-a-cabo-una-capacitacion-de-trabajo-en-hoteleria-y-gastronomia","status":"publish","type":"post","link":"https:\/\/infoluro.com\/?p=29023","title":{"rendered":"PEDRO LURO | Se llevar\u00e1 a cabo una Capacitaci\u00f3n de Trabajo en Hoteler\u00eda Y Gastronom\u00eda"},"content":{"rendered":"<p>&nbsp;<\/p>\n<p>&nbsp;<\/p>\n<div id=\"model-response-message-contentr_70fdf1a154e9a726\" class=\"markdown markdown-main-panel md-content enable-luminous-fast-follows enable-updated-hr-color\" dir=\"ltr\" aria-busy=\"false\" aria-live=\"polite\">\n<div><\/div>\n<div>El \u00c1rea de Turismo del Municipio de Villarino, en conjunto con la Asociaci\u00f3n de Hoteles, Restaurantes, Bares, Confiter\u00edas y Afines de Bah\u00eda Blanca, dictar\u00e1 una capacitaci\u00f3n gratuita de trabajo en hoteler\u00eda y gastronom\u00eda. La cita ser\u00e1 el pr\u00f3ximo jueves 10 de septiembre a las 9:30 hs en las instalaciones del Hostal del Viento (Ruta Nacional N\u00b0 3, Pedro Luro), con una duraci\u00f3n aproximada de dos horas y media.<\/div>\n<div>Paco R\u00edgano, integrante del \u00c1rea de Turismo de Villarino, destac\u00f3 el inter\u00e9s de la comunidad ante la propuesta y mencion\u00f3 que la convocatoria y la cantidad de inscriptos resulta sorprendente considerando que a\u00fan falta tiempo para la fecha. Debido a que los cupos son limitados y existe una gran demanda laboral, el funcionario anticip\u00f3 que no descartan sumar nuevas fechas en los pr\u00f3ximos meses<\/div>\n<div>Puntos clave:<\/div>\n<ul data-path-to-node=\"4\">\n<li>\n<div>Objetivo de inserci\u00f3n laboral: La iniciativa busca brindar herramientas concretas y mano de obra calificada para ayudar a los vecinos a enriquecer sus curr\u00edculums en un contexto de escasas oportunidades de empleo.<\/div>\n<\/li>\n<li>\n<div>Crecimiento regional: R\u00edgano se\u00f1al\u00f3 que el turismo en Villarino est\u00e1 en proceso de desarrollo y que el objetivo a largo plazo es posicionar al distrito como un destino atractivo durante los 365 d\u00edas del a\u00f1o.<\/div>\n<\/li>\n<li>\n<div>\n<p>La jornada estar\u00e1 a cargo de la Licenciada Victoria Batista.<\/p>\n<p>Escuch\u00e1 la nota completa a continuaci\u00f3n.<\/p>\n<\/div>\n<p>&nbsp;<\/p>\n<p><!--[if lt IE 9]><script>document.createElement('audio');<\/script><![endif]-->\n<audio class=\"wp-audio-shortcode\" id=\"audio-29023-1\" preload=\"none\" style=\"width: 100%;\" controls=\"controls\"><source type=\"audio\/mpeg\" src=\"https:\/\/infoluro.com\/wp-content\/uploads\/2026\/09\/PACORIGANO01092026.mp3?_=1\" \/><a href=\"https:\/\/infoluro.com\/wp-content\/uploads\/2026\/09\/PACORIGANO01092026.mp3\">https:\/\/infoluro.com\/wp-content\/uploads\/2026\/09\/PACORIGANO01092026.mp3<\/a><\/audio><\/li>\n<\/ul>\n<p><img loading=\"lazy\" decoding=\"async\" class=\"alignnone size-medium wp-image-29025\" src=\"https:\/\/infoluro.com\/wp-content\/uploads\/2026\/09\/WhatsApp-Image-2026-09-01-at-10.02.29-240x300.jpeg\" alt=\"\" width=\"240\" height=\"300\" srcset=\"https:\/\/infoluro.com\/wp-content\/uploads\/2026\/09\/WhatsApp-Image-2026-09-01-at-10.02.29-240x300.jpeg 240w, https:\/\/infoluro.com\/wp-content\/uploads\/2026\/09\/WhatsApp-Image-2026-09-01-at-10.02.29-819x1024.jpeg 819w, https:\/\/infoluro.com\/wp-content\/uploads\/2026\/09\/WhatsApp-Image-2026-09-01-at-10.02.29-768x960.jpeg 768w, https:\/\/infoluro.com\/wp-content\/uploads\/2026\/09\/WhatsApp-Image-2026-09-01-at-10.02.29-1229x1536.jpeg 1229w, https:\/\/infoluro.com\/wp-content\/uploads\/2026\/09\/WhatsApp-Image-2026-09-01-at-10.02.29-1024x1280.jpeg 1024w, https:\/\/infoluro.com\/wp-content\/uploads\/2026\/09\/WhatsApp-Image-2026-09-01-at-10.02.29.jpeg 1638w\" sizes=\"(max-width: 240px) 100vw, 240px\" \/><\/p>\n<\/div>\n<p>&nbsp;<\/p>\n","protected":false},"excerpt":{"rendered":"<p>&nbsp; &nbsp; El \u00c1rea de Turismo del Municipio de Villarino, en conjunto con la Asociaci\u00f3n&#8230;<\/p>\n","protected":false},"author":2,"featured_media":29028,"comment_status":"closed","ping_status":"closed","sticky":false,"template":"","format":"standard","meta":{"footnotes":""},"categories":[45,12,4,14,10,9],"tags":[],"_links":{"self":[{"href":"https:\/\/infoluro.com\/index.php?rest_route=\/wp\/v2\/posts\/29023"}],"collection":[{"href":"https:\/\/infoluro.com\/index.php?rest_route=\/wp\/v2\/posts"}],"about":[{"href":"https:\/\/infoluro.com\/index.php?rest_route=\/wp\/v2\/types\/post"}],"author":[{"embeddable":true,"href":"https:\/\/infoluro.com\/index.php?rest_route=\/wp\/v2\/users\/2"}],"replies":[{"embeddable":true,"href":"https:\/\/infoluro.com\/index.php?rest_route=%2Fwp%2Fv2%2Fcomments&post=29023"}],"version-history":[{"count":2,"href":"https:\/\/infoluro.com\/index.php?rest_route=\/wp\/v2\/posts\/29023\/revisions"}],"predecessor-version":[{"id":29029,"href":"https:\/\/infoluro.com\/index.php?rest_route=\/wp\/v2\/posts\/29023\/revisions\/29029"}],"wp:featuredmedia":[{"embeddable":true,"href":"https:\/\/infoluro.com\/index.php?rest_route=\/wp\/v2\/media\/29028"}],"wp:attachment":[{"href":"https:\/\/infoluro.com\/index.php?rest_route=%2Fwp%2Fv2%2Fmedia&parent=29023"}],"wp:term":[{"taxonomy":"category","embeddable":true,"href":"https:\/\/infoluro.com\/index.php?rest_route=%2Fwp%2Fv2%2Fcategories&post=29023"},{"taxonomy":"post_tag","embeddable":true,"href":"https:\/\/infoluro.com\/index.php?rest_route=%2Fwp%2Fv2%2Ftags&post=29023"}],"curies":[{"name":"wp","href":"https:\/\/api.w.org\/{rel}","templated":true}]}}