{"id":3156,"date":"2017-06-02T09:31:42","date_gmt":"2017-06-02T12:31:42","guid":{"rendered":"http:\/\/infoluro.com\/?p=3156"},"modified":"2017-06-02T09:31:42","modified_gmt":"2017-06-02T12:31:42","slug":"ojitos-de-agua-se-presenta-en-pedro-luro","status":"publish","type":"post","link":"https:\/\/infoluro.com\/?p=3156","title":{"rendered":"\u201cOjitos de Agua\u201d se presenta en Pedro Luro"},"content":{"rendered":"<p>El Jard\u00edn 904 conjuntamente con el \u00e1rea de Cultura del Municipio de Villarino estar\u00e1 presentando este domingo la obra del grupo \u201cOjitos de Agua\u201d en la Plaza Central. Sera a partir de las 14hs y en caso de lluvia se realizara en el Galp\u00f3n de Casa de la Cultura. El Jard\u00edn 904 estar celebrando sus bodas de plata en el mes de septiembre y al respecto la Directora Mariana Yommi dialogo con la Zfm dando detalles del evento de este domingo y adem\u00e1s de actividades que se realizaran con el fin de recaudar fondos para los festejos de los 50 a\u00f1os.<\/p>\n<!--[if lt IE 9]><script>document.createElement('audio');<\/script><![endif]-->\n<audio class=\"wp-audio-shortcode\" id=\"audio-3156-1\" preload=\"none\" style=\"width: 100%;\" controls=\"controls\"><source type=\"audio\/mpeg\" src=\"https:\/\/infoluro.com\/wp-content\/uploads\/2017\/06\/MARIANAYOMI.JI904-02062017.mp3?_=1\" \/><a href=\"https:\/\/infoluro.com\/wp-content\/uploads\/2017\/06\/MARIANAYOMI.JI904-02062017.mp3\">https:\/\/infoluro.com\/wp-content\/uploads\/2017\/06\/MARIANAYOMI.JI904-02062017.mp3<\/a><\/audio>\n","protected":false},"excerpt":{"rendered":"<p>El Jard\u00edn 904 conjuntamente con el \u00e1rea de Cultura del Municipio de Villarino estar\u00e1 presentando&#8230;<\/p>\n","protected":false},"author":2,"featured_media":3158,"comment_status":"closed","ping_status":"closed","sticky":false,"template":"","format":"standard","meta":{"footnotes":""},"categories":[12],"tags":[],"_links":{"self":[{"href":"https:\/\/infoluro.com\/index.php?rest_route=\/wp\/v2\/posts\/3156"}],"collection":[{"href":"https:\/\/infoluro.com\/index.php?rest_route=\/wp\/v2\/posts"}],"about":[{"href":"https:\/\/infoluro.com\/index.php?rest_route=\/wp\/v2\/types\/post"}],"author":[{"embeddable":true,"href":"https:\/\/infoluro.com\/index.php?rest_route=\/wp\/v2\/users\/2"}],"replies":[{"embeddable":true,"href":"https:\/\/infoluro.com\/index.php?rest_route=%2Fwp%2Fv2%2Fcomments&post=3156"}],"version-history":[{"count":0,"href":"https:\/\/infoluro.com\/index.php?rest_route=\/wp\/v2\/posts\/3156\/revisions"}],"wp:featuredmedia":[{"embeddable":true,"href":"https:\/\/infoluro.com\/index.php?rest_route=\/wp\/v2\/media\/3158"}],"wp:attachment":[{"href":"https:\/\/infoluro.com\/index.php?rest_route=%2Fwp%2Fv2%2Fmedia&parent=3156"}],"wp:term":[{"taxonomy":"category","embeddable":true,"href":"https:\/\/infoluro.com\/index.php?rest_route=%2Fwp%2Fv2%2Fcategories&post=3156"},{"taxonomy":"post_tag","embeddable":true,"href":"https:\/\/infoluro.com\/index.php?rest_route=%2Fwp%2Fv2%2Ftags&post=3156"}],"curies":[{"name":"wp","href":"https:\/\/api.w.org\/{rel}","templated":true}]}}