{"id":3347,"date":"2017-06-26T11:42:13","date_gmt":"2017-06-26T14:42:13","guid":{"rendered":"http:\/\/infoluro.com\/?p=3347"},"modified":"2017-06-26T11:42:13","modified_gmt":"2017-06-26T14:42:13","slug":"a-muchos-les-conviene-decir-que-mujica-se-fue-del-radicalismo","status":"publish","type":"post","link":"https:\/\/infoluro.com\/?p=3347","title":{"rendered":"\u201cA muchos les conviene decir que Mujica se fue del radicalismo\u201d"},"content":{"rendered":"<p>El ex intendente de Villarino Ra\u00fal Mujica pas\u00f3 por los micr\u00f3fonos de la Zfm y afirm\u00f3 que ira a internas dentro del espacio Cambiemos de cara a las elecciones legislativas de octubre. Mujica ratific\u00f3 que ira por el Radicalismo, espacio que nunca dej\u00f3, y que se lo relaciono con FE porque varios integrantes de la lista pertenecen a aquel partido. Adem\u00e1s aseguro que \u201cse di\u00f3 una mala interpretaci\u00f3n porque a muchos les conviene decir que Mujica se fue del radicalismo. La relaci\u00f3n con el comit\u00e9 tuvo dificultades, se fracciono y surgieron dos l\u00edneas, por eso habr\u00e1 gente del radicalismo participando. Nosotros lo haremos con representantes de FE\u201d. Con respecto a la foto con el Partido FE por la que se lo relacion\u00f3 con el Peronismo, \u00a0sostuvo que fue una foto de cortes\u00eda.<\/p>\n<!--[if lt IE 9]><script>document.createElement('audio');<\/script><![endif]-->\n<audio class=\"wp-audio-shortcode\" id=\"audio-3347-1\" preload=\"none\" style=\"width: 100%;\" controls=\"controls\"><source type=\"audio\/mpeg\" src=\"https:\/\/infoluro.com\/wp-content\/uploads\/2017\/06\/MUJICA-26062017.mp3?_=1\" \/><a href=\"https:\/\/infoluro.com\/wp-content\/uploads\/2017\/06\/MUJICA-26062017.mp3\">https:\/\/infoluro.com\/wp-content\/uploads\/2017\/06\/MUJICA-26062017.mp3<\/a><\/audio>\n<p><!--more--><\/p>\n<p>&nbsp;<\/p>\n<p><a href=\"https:\/\/infoluro.com\/index.php\/2017\/06\/26\/a-muchos-les-conviene-decir-que-mujica-se-fue-del-radicalismo\/whatsapp-image-2017-06-26-at-11-19-35-1\/\" rel=\"attachment wp-att-3350\"><img loading=\"lazy\" decoding=\"async\" class=\"alignnone  wp-image-3350\" src=\"https:\/\/infoluro.com\/wp-content\/uploads\/2017\/06\/WhatsApp-Image-2017-06-26-at-11.19.35-1-169x300.jpeg\" alt=\"WhatsApp Image 2017-06-26 at 11.19.35 (1)\" width=\"378\" height=\"671\" srcset=\"https:\/\/infoluro.com\/wp-content\/uploads\/2017\/06\/WhatsApp-Image-2017-06-26-at-11.19.35-1-169x300.jpeg 169w, https:\/\/infoluro.com\/wp-content\/uploads\/2017\/06\/WhatsApp-Image-2017-06-26-at-11.19.35-1-576x1024.jpeg 576w, https:\/\/infoluro.com\/wp-content\/uploads\/2017\/06\/WhatsApp-Image-2017-06-26-at-11.19.35-1.jpeg 585w\" sizes=\"(max-width: 378px) 100vw, 378px\" \/><\/a><\/p>\n<p>&nbsp;<\/p>\n<p>&nbsp;<\/p>\n","protected":false},"excerpt":{"rendered":"<p>El ex intendente de Villarino Ra\u00fal Mujica pas\u00f3 por los micr\u00f3fonos de la Zfm y&#8230;<\/p>\n","protected":false},"author":2,"featured_media":3348,"comment_status":"closed","ping_status":"closed","sticky":false,"template":"","format":"standard","meta":{"footnotes":""},"categories":[12,3],"tags":[],"_links":{"self":[{"href":"https:\/\/infoluro.com\/index.php?rest_route=\/wp\/v2\/posts\/3347"}],"collection":[{"href":"https:\/\/infoluro.com\/index.php?rest_route=\/wp\/v2\/posts"}],"about":[{"href":"https:\/\/infoluro.com\/index.php?rest_route=\/wp\/v2\/types\/post"}],"author":[{"embeddable":true,"href":"https:\/\/infoluro.com\/index.php?rest_route=\/wp\/v2\/users\/2"}],"replies":[{"embeddable":true,"href":"https:\/\/infoluro.com\/index.php?rest_route=%2Fwp%2Fv2%2Fcomments&post=3347"}],"version-history":[{"count":0,"href":"https:\/\/infoluro.com\/index.php?rest_route=\/wp\/v2\/posts\/3347\/revisions"}],"wp:featuredmedia":[{"embeddable":true,"href":"https:\/\/infoluro.com\/index.php?rest_route=\/wp\/v2\/media\/3348"}],"wp:attachment":[{"href":"https:\/\/infoluro.com\/index.php?rest_route=%2Fwp%2Fv2%2Fmedia&parent=3347"}],"wp:term":[{"taxonomy":"category","embeddable":true,"href":"https:\/\/infoluro.com\/index.php?rest_route=%2Fwp%2Fv2%2Fcategories&post=3347"},{"taxonomy":"post_tag","embeddable":true,"href":"https:\/\/infoluro.com\/index.php?rest_route=%2Fwp%2Fv2%2Ftags&post=3347"}],"curies":[{"name":"wp","href":"https:\/\/api.w.org\/{rel}","templated":true}]}}