{"id":3357,"date":"2017-06-27T11:41:43","date_gmt":"2017-06-27T14:41:43","guid":{"rendered":"http:\/\/infoluro.com\/?p=3357"},"modified":"2017-06-27T11:41:43","modified_gmt":"2017-06-27T14:41:43","slug":"cambiemos-con-lista-e-interna-confirmada","status":"publish","type":"post","link":"https:\/\/infoluro.com\/?p=3357","title":{"rendered":"Cambiemos con lista e interna confirmada"},"content":{"rendered":"<p>Orestes Villalba Concejal de Cambiemos y referente del PRO visit\u00f3 los estudios de la Zfm luego que quedara confirmada la lista del partido de cara a las elecciones y tras conocerse que habr\u00e1 internas ya que Ra\u00fal Mujica conform\u00f3 su lista bajo el ala del partido FE. Al respecto Villalba sostuvo que dentro del espacio Cambiemos los partidos 3 de los 4 partidos que lo integran (PRO, Coalici\u00f3n C\u00edvica y UCR) consensuaron en llevar a Yesica Schaab de la UCR como primera en la lista, pero FE no estuvo de acuerdo y presento una nueva lista.<\/p>\n<!--[if lt IE 9]><script>document.createElement('audio');<\/script><![endif]-->\n<audio class=\"wp-audio-shortcode\" id=\"audio-3357-1\" preload=\"none\" style=\"width: 100%;\" controls=\"controls\"><source type=\"audio\/mpeg\" src=\"https:\/\/infoluro.com\/wp-content\/uploads\/2017\/06\/ORESTESVILLABA27062017.mp3?_=1\" \/><a href=\"https:\/\/infoluro.com\/wp-content\/uploads\/2017\/06\/ORESTESVILLABA27062017.mp3\">https:\/\/infoluro.com\/wp-content\/uploads\/2017\/06\/ORESTESVILLABA27062017.mp3<\/a><\/audio>\n<p><!--more--><\/p>\n<p>\u201cA la hora de armar las listas se firm\u00f3 un acta para presentar una lista consensuada entre UCR, Coalici\u00f3n C\u00edvica y PRO. No firm\u00f3 el espacio FE. De all\u00ed surgi\u00f3 una nueva lista que eligi\u00f3 como candidato al ex intendente Ra\u00fal Mujica\u201d sostuvo Villalba.<\/p>\n<p>Con respecto a la 2 posici\u00f3n de Rodolfo Barrios de Pedro Luro, Villalba sostuvo que \u201cestamos convencidos que a barrios le va ir muy bien, es una persona muy accesible de perfil bajo que profesionalmente esta las 24 horas disponible. Nosotros sabemos que Barrios tiene su voto y no es problema si va primero o segundo, la gente lo apoya. Cuando decidimos poner a Yesica Schaab tuvimos en cuenta muchos aspectos\u201d.<\/p>\n<p>&nbsp;<\/p>\n<p>Cambiemos(pro.ucr.cc)<\/p>\n<p>Concejales titulares<\/p>\n<ol>\n<li>Schaab Yesica<\/li>\n<li>Barrios Rodolfo<\/li>\n<li>Garayeta Mar\u00eda Alejandra<\/li>\n<li>Villalba Sebasti\u00e1n<\/li>\n<li>Rodr\u00edguez Nair<\/li>\n<li>Grosso Luciano<\/li>\n<li>Moscardi, Ver\u00f3nica<\/li>\n<li>Aldunate, C\u00e9sar<\/li>\n<\/ol>\n<p>Concejales suplentes<\/p>\n<ol>\n<li>Salas M\u00f3nica<\/li>\n<li>Rodr\u00edguez Benito<\/li>\n<li>Contreras Leticia<\/li>\n<li>La Cruz, Leonardo<\/li>\n<li>Molina, Mabel<\/li>\n<\/ol>\n<p>Consejeros escolares titulares.<\/p>\n<ol>\n<li>Jara Masson, Barbara<\/li>\n<li>Rendo, Enzo<\/li>\n<li>Vita, Liliana<\/li>\n<\/ol>\n<p>Consejeros escolares suplentes<\/p>\n<ol>\n<li>Hern\u00e1ndez Cisneros, Evelyn<\/li>\n<li>Jara, Juan Tom\u00e1s<\/li>\n<li>Muia, Solange<\/li>\n<\/ol>\n<p>&nbsp;<\/p>\n<p>Lista del Partido FE<\/p>\n<p><a href=\"https:\/\/infoluro.com\/index.php\/2017\/06\/27\/cambiemos-con-lista-e-interna-confirmada\/09e55de6-d23f-44c5-a9d2-bd78ec14b7c2\/\" rel=\"attachment wp-att-3359\"><img loading=\"lazy\" decoding=\"async\" class=\"alignnone  wp-image-3359\" src=\"https:\/\/infoluro.com\/wp-content\/uploads\/2017\/06\/09e55de6-d23f-44c5-a9d2-bd78ec14b7c2-239x300.jpg\" alt=\"09e55de6-d23f-44c5-a9d2-bd78ec14b7c2\" width=\"355\" height=\"446\" srcset=\"https:\/\/infoluro.com\/wp-content\/uploads\/2017\/06\/09e55de6-d23f-44c5-a9d2-bd78ec14b7c2-239x300.jpg 239w, https:\/\/infoluro.com\/wp-content\/uploads\/2017\/06\/09e55de6-d23f-44c5-a9d2-bd78ec14b7c2.jpg 417w\" sizes=\"(max-width: 355px) 100vw, 355px\" \/><\/a><\/p>\n<p>&nbsp;<\/p>\n","protected":false},"excerpt":{"rendered":"<p>Orestes Villalba Concejal de Cambiemos y referente del PRO visit\u00f3 los estudios de la Zfm&#8230;<\/p>\n","protected":false},"author":2,"featured_media":2588,"comment_status":"closed","ping_status":"closed","sticky":false,"template":"","format":"standard","meta":{"footnotes":""},"categories":[12],"tags":[],"_links":{"self":[{"href":"https:\/\/infoluro.com\/index.php?rest_route=\/wp\/v2\/posts\/3357"}],"collection":[{"href":"https:\/\/infoluro.com\/index.php?rest_route=\/wp\/v2\/posts"}],"about":[{"href":"https:\/\/infoluro.com\/index.php?rest_route=\/wp\/v2\/types\/post"}],"author":[{"embeddable":true,"href":"https:\/\/infoluro.com\/index.php?rest_route=\/wp\/v2\/users\/2"}],"replies":[{"embeddable":true,"href":"https:\/\/infoluro.com\/index.php?rest_route=%2Fwp%2Fv2%2Fcomments&post=3357"}],"version-history":[{"count":0,"href":"https:\/\/infoluro.com\/index.php?rest_route=\/wp\/v2\/posts\/3357\/revisions"}],"wp:featuredmedia":[{"embeddable":true,"href":"https:\/\/infoluro.com\/index.php?rest_route=\/wp\/v2\/media\/2588"}],"wp:attachment":[{"href":"https:\/\/infoluro.com\/index.php?rest_route=%2Fwp%2Fv2%2Fmedia&parent=3357"}],"wp:term":[{"taxonomy":"category","embeddable":true,"href":"https:\/\/infoluro.com\/index.php?rest_route=%2Fwp%2Fv2%2Fcategories&post=3357"},{"taxonomy":"post_tag","embeddable":true,"href":"https:\/\/infoluro.com\/index.php?rest_route=%2Fwp%2Fv2%2Ftags&post=3357"}],"curies":[{"name":"wp","href":"https:\/\/api.w.org\/{rel}","templated":true}]}}