{"id":3371,"date":"2017-06-29T09:09:12","date_gmt":"2017-06-29T12:09:12","guid":{"rendered":"http:\/\/infoluro.com\/?p=3371"},"modified":"2017-06-29T09:09:12","modified_gmt":"2017-06-29T12:09:12","slug":"dos-aprehendidos-por-faena-clandestina","status":"publish","type":"post","link":"https:\/\/infoluro.com\/?p=3371","title":{"rendered":"Dos aprehendidos por faena clandestina"},"content":{"rendered":"<p>Personal de la Polic\u00eda Vial detuvo durante un operativo realizado en el km 809 de la Ruta Nacional N\u00ba3 a un veh\u00edculo utilitario el cual transportaba carne de cerdo faenada clandestinamente. A los demorados (no trascendi\u00f3 las identidades: uno seria de Pedro Luro y el otro de Bah\u00eda Blanca) se les inicio una causa por hurto de ganado menor y fueron trasladados a Bah\u00eda Blanca donde deber\u00e1n prestar declaraci\u00f3n ante fiscal\u00eda.<\/p>\n","protected":false},"excerpt":{"rendered":"<p>Personal de la Polic\u00eda Vial detuvo durante un operativo realizado en el km 809 de&#8230;<\/p>\n","protected":false},"author":2,"featured_media":3372,"comment_status":"closed","ping_status":"closed","sticky":false,"template":"","format":"standard","meta":{"footnotes":""},"categories":[12,2],"tags":[],"_links":{"self":[{"href":"https:\/\/infoluro.com\/index.php?rest_route=\/wp\/v2\/posts\/3371"}],"collection":[{"href":"https:\/\/infoluro.com\/index.php?rest_route=\/wp\/v2\/posts"}],"about":[{"href":"https:\/\/infoluro.com\/index.php?rest_route=\/wp\/v2\/types\/post"}],"author":[{"embeddable":true,"href":"https:\/\/infoluro.com\/index.php?rest_route=\/wp\/v2\/users\/2"}],"replies":[{"embeddable":true,"href":"https:\/\/infoluro.com\/index.php?rest_route=%2Fwp%2Fv2%2Fcomments&post=3371"}],"version-history":[{"count":0,"href":"https:\/\/infoluro.com\/index.php?rest_route=\/wp\/v2\/posts\/3371\/revisions"}],"wp:featuredmedia":[{"embeddable":true,"href":"https:\/\/infoluro.com\/index.php?rest_route=\/wp\/v2\/media\/3372"}],"wp:attachment":[{"href":"https:\/\/infoluro.com\/index.php?rest_route=%2Fwp%2Fv2%2Fmedia&parent=3371"}],"wp:term":[{"taxonomy":"category","embeddable":true,"href":"https:\/\/infoluro.com\/index.php?rest_route=%2Fwp%2Fv2%2Fcategories&post=3371"},{"taxonomy":"post_tag","embeddable":true,"href":"https:\/\/infoluro.com\/index.php?rest_route=%2Fwp%2Fv2%2Ftags&post=3371"}],"curies":[{"name":"wp","href":"https:\/\/api.w.org\/{rel}","templated":true}]}}