{"id":3384,"date":"2017-07-03T08:35:06","date_gmt":"2017-07-03T11:35:06","guid":{"rendered":"http:\/\/infoluro.com\/?p=3384"},"modified":"2017-07-03T08:35:06","modified_gmt":"2017-07-03T11:35:06","slug":"nelson-alba-gano-en-las-termas","status":"publish","type":"post","link":"https:\/\/infoluro.com\/?p=3384","title":{"rendered":"Nelson Alba gan\u00f3 en Las Termas"},"content":{"rendered":"<p>El atleta de Viedma se qued\u00f3 con la competencia pedestre que se corri\u00f3 este domingo en uno de los puntos tur\u00edsticos de Pedro Luro. Alba completo el recorrido de 8.9km con un tiempo de 00:30:31; fue escoltado por Juan D\u00edaz de Pedro Luro (00:32:20) y Rodrigo Painemal de Viedma (00:33:00). Entre las damas la vencedora tambi\u00e9n vino de la capital rionegrina: se trata de Bel\u00e9n Morales con una marca de 00:41:56. La acompa\u00f1aron en el podio Mar\u00eda Mabel LLanquihuen (00:44:21) y Mar\u00eda Fernanda Barragan (00:44:22).<\/p>\n<p><!--more--><\/p>\n<p><a href=\"https:\/\/infoluro.com\/index.php\/2017\/07\/03\/nelson-alba-gano-en-las-termas\/19665217_10209261278386146_330271965123266045_n\/\" rel=\"attachment wp-att-3385\"><img loading=\"lazy\" decoding=\"async\" class=\"alignnone  wp-image-3385\" src=\"https:\/\/infoluro.com\/wp-content\/uploads\/2017\/07\/19665217_10209261278386146_330271965123266045_n-300x169.jpg\" alt=\"19665217_10209261278386146_330271965123266045_n\" width=\"511\" height=\"288\" srcset=\"https:\/\/infoluro.com\/wp-content\/uploads\/2017\/07\/19665217_10209261278386146_330271965123266045_n-300x169.jpg 300w, https:\/\/infoluro.com\/wp-content\/uploads\/2017\/07\/19665217_10209261278386146_330271965123266045_n-600x338.jpg 600w, https:\/\/infoluro.com\/wp-content\/uploads\/2017\/07\/19665217_10209261278386146_330271965123266045_n-768x432.jpg 768w, https:\/\/infoluro.com\/wp-content\/uploads\/2017\/07\/19665217_10209261278386146_330271965123266045_n.jpg 960w\" sizes=\"(max-width: 511px) 100vw, 511px\" \/><\/a><\/p>\n<p><a href=\"https:\/\/infoluro.com\/index.php\/2017\/07\/03\/nelson-alba-gano-en-las-termas\/general-1\/\" rel=\"attachment wp-att-3386\"><img loading=\"lazy\" decoding=\"async\" class=\"alignnone  wp-image-3386\" src=\"https:\/\/infoluro.com\/wp-content\/uploads\/2017\/07\/general-1-300x208.jpg\" alt=\"general 1\" width=\"512\" height=\"355\" srcset=\"https:\/\/infoluro.com\/wp-content\/uploads\/2017\/07\/general-1-300x208.jpg 300w, https:\/\/infoluro.com\/wp-content\/uploads\/2017\/07\/general-1-600x416.jpg 600w, https:\/\/infoluro.com\/wp-content\/uploads\/2017\/07\/general-1-768x532.jpg 768w, https:\/\/infoluro.com\/wp-content\/uploads\/2017\/07\/general-1.jpg 1007w\" sizes=\"(max-width: 512px) 100vw, 512px\" \/><\/a><\/p>\n<p>&nbsp;<\/p>\n<p><a href=\"https:\/\/infoluro.com\/index.php\/2017\/07\/03\/nelson-alba-gano-en-las-termas\/19702523_10209261283866283_3144702804221714705_n\/\" rel=\"attachment wp-att-3387\"><img loading=\"lazy\" decoding=\"async\" class=\"alignnone  wp-image-3387\" src=\"https:\/\/infoluro.com\/wp-content\/uploads\/2017\/07\/19702523_10209261283866283_3144702804221714705_n-300x169.jpg\" alt=\"19702523_10209261283866283_3144702804221714705_n\" width=\"508\" height=\"286\" srcset=\"https:\/\/infoluro.com\/wp-content\/uploads\/2017\/07\/19702523_10209261283866283_3144702804221714705_n-300x169.jpg 300w, https:\/\/infoluro.com\/wp-content\/uploads\/2017\/07\/19702523_10209261283866283_3144702804221714705_n-600x338.jpg 600w, https:\/\/infoluro.com\/wp-content\/uploads\/2017\/07\/19702523_10209261283866283_3144702804221714705_n-768x432.jpg 768w, https:\/\/infoluro.com\/wp-content\/uploads\/2017\/07\/19702523_10209261283866283_3144702804221714705_n.jpg 960w\" sizes=\"(max-width: 508px) 100vw, 508px\" \/><\/a><\/p>\n<p><a href=\"https:\/\/infoluro.com\/index.php\/2017\/07\/03\/nelson-alba-gano-en-las-termas\/general-fem\/\" rel=\"attachment wp-att-3388\"><img loading=\"lazy\" decoding=\"async\" class=\"alignnone  wp-image-3388\" src=\"https:\/\/infoluro.com\/wp-content\/uploads\/2017\/07\/general-fem-300x163.jpg\" alt=\"general fem\" width=\"510\" height=\"277\" srcset=\"https:\/\/infoluro.com\/wp-content\/uploads\/2017\/07\/general-fem-300x163.jpg 300w, https:\/\/infoluro.com\/wp-content\/uploads\/2017\/07\/general-fem-600x326.jpg 600w, https:\/\/infoluro.com\/wp-content\/uploads\/2017\/07\/general-fem-768x417.jpg 768w, https:\/\/infoluro.com\/wp-content\/uploads\/2017\/07\/general-fem.jpg 1006w\" sizes=\"(max-width: 510px) 100vw, 510px\" \/><\/a><\/p>\n<p>Clasificaci\u00f3n General Completa: <a href=\"https:\/\/infoluro.com\/index.php\/2017\/07\/03\/nelson-alba-gano-en-las-termas\/graltermas\/\" rel=\"attachment wp-att-3389\">graltermas<\/a><\/p>\n<p>Clasificaci\u00f3n por categor\u00edas: <a href=\"https:\/\/infoluro.com\/index.php\/2017\/07\/03\/nelson-alba-gano-en-las-termas\/categtermas\/\" rel=\"attachment wp-att-3390\">categtermas<\/a><\/p>\n","protected":false},"excerpt":{"rendered":"<p>El atleta de Viedma se qued\u00f3 con la competencia pedestre que se corri\u00f3 este domingo&#8230;<\/p>\n","protected":false},"author":2,"featured_media":3391,"comment_status":"closed","ping_status":"closed","sticky":false,"template":"","format":"standard","meta":{"footnotes":""},"categories":[12,7],"tags":[],"_links":{"self":[{"href":"https:\/\/infoluro.com\/index.php?rest_route=\/wp\/v2\/posts\/3384"}],"collection":[{"href":"https:\/\/infoluro.com\/index.php?rest_route=\/wp\/v2\/posts"}],"about":[{"href":"https:\/\/infoluro.com\/index.php?rest_route=\/wp\/v2\/types\/post"}],"author":[{"embeddable":true,"href":"https:\/\/infoluro.com\/index.php?rest_route=\/wp\/v2\/users\/2"}],"replies":[{"embeddable":true,"href":"https:\/\/infoluro.com\/index.php?rest_route=%2Fwp%2Fv2%2Fcomments&post=3384"}],"version-history":[{"count":0,"href":"https:\/\/infoluro.com\/index.php?rest_route=\/wp\/v2\/posts\/3384\/revisions"}],"wp:featuredmedia":[{"embeddable":true,"href":"https:\/\/infoluro.com\/index.php?rest_route=\/wp\/v2\/media\/3391"}],"wp:attachment":[{"href":"https:\/\/infoluro.com\/index.php?rest_route=%2Fwp%2Fv2%2Fmedia&parent=3384"}],"wp:term":[{"taxonomy":"category","embeddable":true,"href":"https:\/\/infoluro.com\/index.php?rest_route=%2Fwp%2Fv2%2Fcategories&post=3384"},{"taxonomy":"post_tag","embeddable":true,"href":"https:\/\/infoluro.com\/index.php?rest_route=%2Fwp%2Fv2%2Ftags&post=3384"}],"curies":[{"name":"wp","href":"https:\/\/api.w.org\/{rel}","templated":true}]}}