{"id":3822,"date":"2017-07-27T17:09:02","date_gmt":"2017-07-27T20:09:02","guid":{"rendered":"http:\/\/infoluro.com\/?p=3822"},"modified":"2017-07-27T17:09:02","modified_gmt":"2017-07-27T20:09:02","slug":"no-es-necesario-estar-en-la-foto-para-trabajar","status":"publish","type":"post","link":"https:\/\/infoluro.com\/?p=3822","title":{"rendered":"\u201cno es necesario estar en la foto para trabajar\u201d"},"content":{"rendered":"<p>As\u00ed lo manifest\u00f3 la candidata de Acci\u00f3n por Villarino, Luciana Stefanelli, al ser consultada por su bajo perfil medi\u00e1tico que es cuestionado por otros espacios pol\u00edticos. La contadora, quien estaba acompa\u00f1ado por el candidato Ariel Scorolli, coment\u00f3 que, si bien estuvo trabajando en Bs As de auditora en una multinacional como Price Waterhouse, siempre viajaba a la localidad una vez al mes adem\u00e1s de llevar documentaci\u00f3n a La Plata de instituciones locales. Desde hace ya varios meses est\u00e1 trabajando en el Municipio de Villarino como Sub Directora de Emprendedores y Desarrollo local.<\/p>\n<!--[if lt IE 9]><script>document.createElement('audio');<\/script><![endif]-->\n<audio class=\"wp-audio-shortcode\" id=\"audio-3822-1\" preload=\"none\" style=\"width: 100%;\" controls=\"controls\"><source type=\"audio\/mpeg\" src=\"https:\/\/infoluro.com\/wp-content\/uploads\/2017\/07\/ARIEL-LUCIANA-27072017.mp3?_=1\" \/><a href=\"https:\/\/infoluro.com\/wp-content\/uploads\/2017\/07\/ARIEL-LUCIANA-27072017.mp3\">https:\/\/infoluro.com\/wp-content\/uploads\/2017\/07\/ARIEL-LUCIANA-27072017.mp3<\/a><\/audio>\n<p><!--more--><\/p>\n<p>Stefanelli remarc\u00f3:\u00a0 \u2026 \u201ccada un mes y medio yo ven\u00eda a ver a mi familia no pasaban tres meses que yo no estaba ac\u00e1\u201d \u2026<\/p>\n<p>Al ser consultada de c\u00f3mo ve\u00eda el equipo de APV, la candidata manifest\u00f3 que el estar trabajando con gente con experiencia como Jorge Alema\u00f1y, Silvia Haure y Omar (pap\u00e1) les agrego tacto para tratar con las personas: \u2026 \u201cya que uno cuando es joven quiere hacer todo ya y llevarse el mundo por delante, ellos nos ense\u00f1an a interpretar el problema y de manera conjunta encontrar la soluci\u00f3n\u201d &#8230;<\/p>\n<p>Scorolli, candidato de Mayor Buratovich, pidi\u00f3 en acompa\u00f1amiento de los vecinos para seguir con las obras, proyectos y l\u00ednea de trabajo que se viene ejecutando desde hace ya varios meses<\/p>\n","protected":false},"excerpt":{"rendered":"<p>As\u00ed lo manifest\u00f3 la candidata de Acci\u00f3n por Villarino, Luciana Stefanelli, al ser consultada por&#8230;<\/p>\n","protected":false},"author":2,"featured_media":3823,"comment_status":"closed","ping_status":"closed","sticky":false,"template":"","format":"standard","meta":{"footnotes":""},"categories":[12,14,3,9],"tags":[],"_links":{"self":[{"href":"https:\/\/infoluro.com\/index.php?rest_route=\/wp\/v2\/posts\/3822"}],"collection":[{"href":"https:\/\/infoluro.com\/index.php?rest_route=\/wp\/v2\/posts"}],"about":[{"href":"https:\/\/infoluro.com\/index.php?rest_route=\/wp\/v2\/types\/post"}],"author":[{"embeddable":true,"href":"https:\/\/infoluro.com\/index.php?rest_route=\/wp\/v2\/users\/2"}],"replies":[{"embeddable":true,"href":"https:\/\/infoluro.com\/index.php?rest_route=%2Fwp%2Fv2%2Fcomments&post=3822"}],"version-history":[{"count":0,"href":"https:\/\/infoluro.com\/index.php?rest_route=\/wp\/v2\/posts\/3822\/revisions"}],"wp:featuredmedia":[{"embeddable":true,"href":"https:\/\/infoluro.com\/index.php?rest_route=\/wp\/v2\/media\/3823"}],"wp:attachment":[{"href":"https:\/\/infoluro.com\/index.php?rest_route=%2Fwp%2Fv2%2Fmedia&parent=3822"}],"wp:term":[{"taxonomy":"category","embeddable":true,"href":"https:\/\/infoluro.com\/index.php?rest_route=%2Fwp%2Fv2%2Fcategories&post=3822"},{"taxonomy":"post_tag","embeddable":true,"href":"https:\/\/infoluro.com\/index.php?rest_route=%2Fwp%2Fv2%2Ftags&post=3822"}],"curies":[{"name":"wp","href":"https:\/\/api.w.org\/{rel}","templated":true}]}}