{"id":3930,"date":"2017-08-10T09:53:57","date_gmt":"2017-08-10T12:53:57","guid":{"rendered":"http:\/\/infoluro.com\/?p=3930"},"modified":"2017-08-11T20:21:00","modified_gmt":"2017-08-11T23:21:00","slug":"la-gente-esta-arrepentida-y-lo-va-demostrar-en-las-urnas","status":"publish","type":"post","link":"https:\/\/infoluro.com\/?p=3930","title":{"rendered":"\u201cLa gente est\u00e1 arrepentida y lo va a demostrar en las urnas\u201d"},"content":{"rendered":"<p>Integrantes de la lista Cumplir del Frente Justicialista visitaron los estudios de la Zfm para brindar su \u00faltimo mensaje al vecino previo a la veda electoral. Fabricio Stefanelli precandidato a primer Concejal estuvo acompa\u00f1ado por los referentes de Pedro Luro: Carlos Yunis, Horacio R\u00edos, Flavia Ulovec y Gustavo Gonz\u00e1lez. \u201cTenemos la certeza que se ha conformado un gran equipo con mucho integrantes nuevos en la pol\u00edtica, pero con mucho compromiso social desde sus respectivas profesiones. \u00a0Me llena de orgullo que se sumen porque tienen mucho compromiso\u201d.<\/p>\n<!--[if lt IE 9]><script>document.createElement('audio');<\/script><![endif]-->\n<audio class=\"wp-audio-shortcode\" id=\"audio-3930-1\" preload=\"none\" style=\"width: 100%;\" controls=\"controls\"><source type=\"audio\/mpeg\" src=\"https:\/\/infoluro.com\/wp-content\/uploads\/2017\/08\/FABRI.FINAL-10082017.mp3?_=1\" \/><a href=\"https:\/\/infoluro.com\/wp-content\/uploads\/2017\/08\/FABRI.FINAL-10082017.mp3\">https:\/\/infoluro.com\/wp-content\/uploads\/2017\/08\/FABRI.FINAL-10082017.mp3<\/a><\/audio>\n<p><!--more--><\/p>\n<p>Fabricio Stefanelli se refiri\u00f3 al tarifazo impuesto por el gobierno: \u201cno esper\u00e1bamos otra cosa de cambiemos, la gente est\u00e1 arrepentida y lo va a demostrar en las urnas. La gente cuando analiza la situaci\u00f3n se da cuenta que con Cristina estaba mejor, pero proponemos mirar a futuro. Acompa\u00f1amos a Randazo con el objetivo que no desaparezca el peronismo\u201d.<\/p>\n<p>Flavia Ulovec: \u201cLa gente se acerca mucho a pedir boletas y plantearnos sus problem\u00e1ticas. El vecino quiere un cambio, est\u00e1n arrepentidos de haber votado a Macri y disconformes con el gobierno distrital\u201d.<\/p>\n<p>Horacio R\u00edos: \u201cvamos a tratar de cumplir y trabajar; acopa\u00f1arlo a Fabricio\u201d.<\/p>\n<p>Gustavo Gonz\u00e1lez: \u201clo que me\u00a0 motiv\u00f3 a incorporarme en la pol\u00edtica fueron \u00a0las decisiones que esta tomando el gobierno nacional y provincial, echarle la culpa al docente, no utilizando los recursos. Es una forma sistem\u00e1tica de ocultar la verdad y que las cosas salgan mal, est\u00e1n buscando todas las formas de agredirnos y que \u00a0la educaci\u00f3n no sea de calidad como se prometi\u00f3 en campa\u00f1a\u201d. El concejero escolar tiene que velar poe las pol\u00edticas a mediano y largo plazo\u00a0 a nivel distrital, el Concejo Escolar actual est\u00e1 actuando mal\u201d.<\/p>\n<p>&nbsp;<\/p>\n","protected":false},"excerpt":{"rendered":"<p>Integrantes de la lista Cumplir del Frente Justicialista visitaron los estudios de la Zfm para&#8230;<\/p>\n","protected":false},"author":2,"featured_media":3932,"comment_status":"closed","ping_status":"closed","sticky":false,"template":"","format":"standard","meta":{"footnotes":""},"categories":[45,12,3],"tags":[],"_links":{"self":[{"href":"https:\/\/infoluro.com\/index.php?rest_route=\/wp\/v2\/posts\/3930"}],"collection":[{"href":"https:\/\/infoluro.com\/index.php?rest_route=\/wp\/v2\/posts"}],"about":[{"href":"https:\/\/infoluro.com\/index.php?rest_route=\/wp\/v2\/types\/post"}],"author":[{"embeddable":true,"href":"https:\/\/infoluro.com\/index.php?rest_route=\/wp\/v2\/users\/2"}],"replies":[{"embeddable":true,"href":"https:\/\/infoluro.com\/index.php?rest_route=%2Fwp%2Fv2%2Fcomments&post=3930"}],"version-history":[{"count":0,"href":"https:\/\/infoluro.com\/index.php?rest_route=\/wp\/v2\/posts\/3930\/revisions"}],"wp:featuredmedia":[{"embeddable":true,"href":"https:\/\/infoluro.com\/index.php?rest_route=\/wp\/v2\/media\/3932"}],"wp:attachment":[{"href":"https:\/\/infoluro.com\/index.php?rest_route=%2Fwp%2Fv2%2Fmedia&parent=3930"}],"wp:term":[{"taxonomy":"category","embeddable":true,"href":"https:\/\/infoluro.com\/index.php?rest_route=%2Fwp%2Fv2%2Fcategories&post=3930"},{"taxonomy":"post_tag","embeddable":true,"href":"https:\/\/infoluro.com\/index.php?rest_route=%2Fwp%2Fv2%2Ftags&post=3930"}],"curies":[{"name":"wp","href":"https:\/\/api.w.org\/{rel}","templated":true}]}}