{"id":3942,"date":"2017-08-10T13:17:54","date_gmt":"2017-08-10T16:17:54","guid":{"rendered":"http:\/\/infoluro.com\/?p=3942"},"modified":"2017-08-11T20:20:59","modified_gmt":"2017-08-11T23:20:59","slug":"los-que-han-perjudicado-villarino-deben-ser-castigados-en-las-urnas","status":"publish","type":"post","link":"https:\/\/infoluro.com\/?p=3942","title":{"rendered":"\u201cLos que han perjudicado a Villarino deben ser castigados en las urnas\u201d"},"content":{"rendered":"<p>El Intendente de Villarino Carlos Bevilacqua visito los estudios de la Zfm brindando su apoyo a los candidatos de Acci\u00f3n por Villarino que participaran este domingo de las PASO. Adem\u00e1s aconsejo al vecino analizar a la hora de votar que \u201chay cuestiones puntuales que han perjudicado a Villarino y a esos responsables\u00a0 hay que castigarlos en las urnas\u201d, haciendo referencia a la negativa de Santiago Nardelli (1er precandidato de Cambiemos por la Sexta Secci\u00f3n) a votar para que Villarino se Patagonia Bonaerense; tambi\u00e9n record\u00f3 la ley de combustibles sancionada por Frente Para la Victoria apoyada por patricia Cobello cuando era intendente, ley que est\u00e1 poniendo en aprietos a los estacioneros de la zona sur del distrito. Bevilacqua menciono que acompa\u00f1ara a Sergio Massa en octubre con su lista 1 Pa\u00eds. Recordamos que su hija Mar\u00eda Fernanda ira como segunda precandidata a Diputada por la Sexta secci\u00f3n.<\/p>\n<!--[if lt IE 9]><script>document.createElement('audio');<\/script><![endif]-->\n<audio class=\"wp-audio-shortcode\" id=\"audio-3942-1\" preload=\"none\" style=\"width: 100%;\" controls=\"controls\"><source type=\"audio\/mpeg\" src=\"https:\/\/infoluro.com\/wp-content\/uploads\/2017\/08\/CARLOS-CALIENTE-10082017.mp3?_=1\" \/><a href=\"https:\/\/infoluro.com\/wp-content\/uploads\/2017\/08\/CARLOS-CALIENTE-10082017.mp3\">https:\/\/infoluro.com\/wp-content\/uploads\/2017\/08\/CARLOS-CALIENTE-10082017.mp3<\/a><\/audio>\n<p>&nbsp;<\/p>\n<p>&nbsp;<\/p>\n<p>\u201cEs importante el apoyo que puedan obtener nuestros concejales porque tiene que ver con la continuidad de este gobierno y necesitaos mantener esa din\u00e1mica. No debemos detener esa transformaci\u00f3n que estamos llevado adelante en Villarino\u201d.<\/p>\n<p>Adem\u00e1s se refiri\u00f3 a la oposici\u00f3n: \u201chay un equipo que charla y opina pero\u00a0 no tiene experiencia de gesti\u00f3n;\u00a0 hay otro especio que charla y opina que tuvo experiencia de gesti\u00f3n que Villarino no debe tener nunca m\u00e1s porque fue nefasto; y esta la lista de Acci\u00f3n por Villarino que en los \u00faltimos 20 meses lleva adelante la gesti\u00f3n con esfuerzo y dedicaci\u00f3n y que creo que la gente va apoyar\u00a0 porque ve responsabilidad y seriedad\u201d.<\/p>\n<p>Contra los Precandidatos de Cambiemos y FPV<\/p>\n<p>\u201cA la hora de votar legisladores, el vecino tiene que recordar que Cambiemos no nos acompa\u00f1\u00f3 en el proyecto de Villarino Patagonia Bonaerense. Fue Santiago Nardelli el que nos neg\u00f3 el voto y hoy se presenta como primer candidato de Cambiemos en la Sexta Secci\u00f3n Electoral. Tiene que haber un fuerte repudio por parte del villarinense hacia estos candidatos\u201d, adem\u00e1s agrego: \u201cLey de Combustibles, rebaja de combustibles para patagones, fue durante la gesti\u00f3n del Frente Para la Victoria y Patricia Cobello como Intendente. Esto hoy est\u00e1 perjudicando a los estacioneros de Pedro Luro, con riego de cierre y dejar a varias personas sin trabajo\u201d.<\/p>\n<p>\u201cNosotros acompa\u00f1amos a Sergio Massa a\u00a0 nivel provincial y nacional. Pedimos el respaldo a esta gesti\u00f3n de gobierno que con entusiasmo y responsabilidad llevamos a cabo\u201d.<\/p>\n","protected":false},"excerpt":{"rendered":"<p>El Intendente de Villarino Carlos Bevilacqua visito los estudios de la Zfm brindando su apoyo&#8230;<\/p>\n","protected":false},"author":2,"featured_media":3944,"comment_status":"closed","ping_status":"closed","sticky":false,"template":"","format":"standard","meta":{"footnotes":""},"categories":[45,12,3],"tags":[],"_links":{"self":[{"href":"https:\/\/infoluro.com\/index.php?rest_route=\/wp\/v2\/posts\/3942"}],"collection":[{"href":"https:\/\/infoluro.com\/index.php?rest_route=\/wp\/v2\/posts"}],"about":[{"href":"https:\/\/infoluro.com\/index.php?rest_route=\/wp\/v2\/types\/post"}],"author":[{"embeddable":true,"href":"https:\/\/infoluro.com\/index.php?rest_route=\/wp\/v2\/users\/2"}],"replies":[{"embeddable":true,"href":"https:\/\/infoluro.com\/index.php?rest_route=%2Fwp%2Fv2%2Fcomments&post=3942"}],"version-history":[{"count":0,"href":"https:\/\/infoluro.com\/index.php?rest_route=\/wp\/v2\/posts\/3942\/revisions"}],"wp:featuredmedia":[{"embeddable":true,"href":"https:\/\/infoluro.com\/index.php?rest_route=\/wp\/v2\/media\/3944"}],"wp:attachment":[{"href":"https:\/\/infoluro.com\/index.php?rest_route=%2Fwp%2Fv2%2Fmedia&parent=3942"}],"wp:term":[{"taxonomy":"category","embeddable":true,"href":"https:\/\/infoluro.com\/index.php?rest_route=%2Fwp%2Fv2%2Fcategories&post=3942"},{"taxonomy":"post_tag","embeddable":true,"href":"https:\/\/infoluro.com\/index.php?rest_route=%2Fwp%2Fv2%2Ftags&post=3942"}],"curies":[{"name":"wp","href":"https:\/\/api.w.org\/{rel}","templated":true}]}}