{"id":3946,"date":"2017-08-10T13:43:09","date_gmt":"2017-08-10T16:43:09","guid":{"rendered":"http:\/\/infoluro.com\/?p=3946"},"modified":"2017-08-11T20:20:59","modified_gmt":"2017-08-11T23:20:59","slug":"necesitamos-seguir-en-este-camino-de-obras-y-politicas-para-todos","status":"publish","type":"post","link":"https:\/\/infoluro.com\/?p=3946","title":{"rendered":"\u201cNecesitamos seguir en este camino de obras y pol\u00edticas para todos\u201d"},"content":{"rendered":"<p>Luciana Stefanelli y N\u00e9stor Salas son los precandidatos a concejales referentes de Pedro Luro dentro de la lista de Acci\u00f3n por Villarino y de cara a las elecciones del domingo visitaron la Zfm para brindar los \u00faltimos conceptos antes de la veda. \u201cTengo muchas ganas de trabajar por Villarino. Necesitamos seguir en este camino de obras, de pol\u00edticas para todos, encontrando cada d\u00eda un Villarino m\u00e1s lindo para vivir\u201d manifest\u00f3 Stefanelli, 2da en la lista oficialista.<\/p>\n<!--[if lt IE 9]><script>document.createElement('audio');<\/script><![endif]-->\n<audio class=\"wp-audio-shortcode\" id=\"audio-3946-1\" preload=\"none\" style=\"width: 100%;\" controls=\"controls\"><source type=\"audio\/mpeg\" src=\"https:\/\/infoluro.com\/wp-content\/uploads\/2017\/08\/LUCIANANESTOR-FINAL10082017.mp3?_=1\" \/><a href=\"https:\/\/infoluro.com\/wp-content\/uploads\/2017\/08\/LUCIANANESTOR-FINAL10082017.mp3\">https:\/\/infoluro.com\/wp-content\/uploads\/2017\/08\/LUCIANANESTOR-FINAL10082017.mp3<\/a><\/audio>\n<p><!--more--><\/p>\n<p>Salas: \u201cHay se\u00f1ales de buen aliento para el grupo, todos tenemos las mismas ganas. Se ha hecho bastante pero queda mucho por hacer\u201d<\/p>\n<p>Stefanelli: \u201cNo tenemos promesas, tenemos planes de trabajo. Planes concretos con estrategias que nos van a ayudar. Cada d\u00eda me siento m\u00e1s convencida que lo puedo hacer. Hay que trabajar para el vecino y eso est\u00e1 al alcance de mi mano. En este a\u00f1o y medio de gesti\u00f3n se lo ha hecho con responsabilidad, transparencia y honestidad. Tengo muchas ganas de trabajar por Villarino, la experiencia que tengo me hace competente para este puesto. Necesitamos seguir en este camino de obras, de pol\u00edticas para todos, encontrando cada d\u00eda un Villarino m\u00e1s lindo para vivir\u201d.<\/p>\n","protected":false},"excerpt":{"rendered":"<p>Luciana Stefanelli y N\u00e9stor Salas son los precandidatos a concejales referentes de Pedro Luro dentro&#8230;<\/p>\n","protected":false},"author":2,"featured_media":3948,"comment_status":"closed","ping_status":"closed","sticky":false,"template":"","format":"standard","meta":{"footnotes":""},"categories":[45,12,3],"tags":[],"_links":{"self":[{"href":"https:\/\/infoluro.com\/index.php?rest_route=\/wp\/v2\/posts\/3946"}],"collection":[{"href":"https:\/\/infoluro.com\/index.php?rest_route=\/wp\/v2\/posts"}],"about":[{"href":"https:\/\/infoluro.com\/index.php?rest_route=\/wp\/v2\/types\/post"}],"author":[{"embeddable":true,"href":"https:\/\/infoluro.com\/index.php?rest_route=\/wp\/v2\/users\/2"}],"replies":[{"embeddable":true,"href":"https:\/\/infoluro.com\/index.php?rest_route=%2Fwp%2Fv2%2Fcomments&post=3946"}],"version-history":[{"count":0,"href":"https:\/\/infoluro.com\/index.php?rest_route=\/wp\/v2\/posts\/3946\/revisions"}],"wp:featuredmedia":[{"embeddable":true,"href":"https:\/\/infoluro.com\/index.php?rest_route=\/wp\/v2\/media\/3948"}],"wp:attachment":[{"href":"https:\/\/infoluro.com\/index.php?rest_route=%2Fwp%2Fv2%2Fmedia&parent=3946"}],"wp:term":[{"taxonomy":"category","embeddable":true,"href":"https:\/\/infoluro.com\/index.php?rest_route=%2Fwp%2Fv2%2Fcategories&post=3946"},{"taxonomy":"post_tag","embeddable":true,"href":"https:\/\/infoluro.com\/index.php?rest_route=%2Fwp%2Fv2%2Ftags&post=3946"}],"curies":[{"name":"wp","href":"https:\/\/api.w.org\/{rel}","templated":true}]}}