{"id":4138,"date":"2017-08-28T09:05:26","date_gmt":"2017-08-28T12:05:26","guid":{"rendered":"http:\/\/infoluro.com\/?p=4138"},"modified":"2017-08-28T11:38:18","modified_gmt":"2017-08-28T14:38:18","slug":"auto-embistio-un-caballo-suelto-en-la-ruta-3","status":"publish","type":"post","link":"https:\/\/infoluro.com\/?p=4138","title":{"rendered":"Auto embisti\u00f3 un caballo suelto en la Ruta 3"},"content":{"rendered":"<p>El hecho ocurri\u00f3 este domingo sobre las 23hs: un Fiat 1 en el que viajaba la familia Samaniego de Pedro Luro impact\u00f3 contra un caballo que caminaba sobre la cinta asf\u00e1ltica en inmediaciones al acceso norte a la localidad. El auto iba ocupado por 4 personas; el conductor y la mujer que viajaban en la parte delantera sufrieron diversas heridas y fueron trasladadas a centros asistenciales. Los que viajaban atr\u00e1s resultaron ilesos. Los Bomberos de Pedro Luro tuvieron que \u00a0cortar el techo del auto para extraer a la acompa\u00f1ante ya que el mayor impacto se di\u00f3 sobre el costado derecho del veh\u00edculo. El animal perdi\u00f3 la vida en el acto. La ruta estuvo cortada hasta que se culminaron las tareas. Al lugar concurrieron personal de policial, de Transito y Salud. \u00a0Al respecto esto dec\u00eda el Secretario de protecci\u00f3n Ciudadana, Mart\u00edn Pacheco.<\/p>\n<!--[if lt IE 9]><script>document.createElement('audio');<\/script><![endif]-->\n<audio class=\"wp-audio-shortcode\" id=\"audio-4138-1\" preload=\"none\" style=\"width: 100%;\" controls=\"controls\"><source type=\"audio\/mpeg\" src=\"https:\/\/infoluro.com\/wp-content\/uploads\/2017\/08\/PACHECO-CABALLO-28082017.mp3?_=1\" \/><a href=\"https:\/\/infoluro.com\/wp-content\/uploads\/2017\/08\/PACHECO-CABALLO-28082017.mp3\">https:\/\/infoluro.com\/wp-content\/uploads\/2017\/08\/PACHECO-CABALLO-28082017.mp3<\/a><\/audio>\n<p>Mirta \u00c1lvarez, esposa del hombre accidentado, brindo su testimonio a la Zfm, confirmando que los ocupantes del veh\u00edculo est\u00e1n todos fuera de peligro.<\/p>\n<audio class=\"wp-audio-shortcode\" id=\"audio-4138-2\" preload=\"none\" style=\"width: 100%;\" controls=\"controls\"><source type=\"audio\/mpeg\" src=\"https:\/\/infoluro.com\/wp-content\/uploads\/2017\/08\/MIRTAALVAREZ-28082017.mp3?_=2\" \/><a href=\"https:\/\/infoluro.com\/wp-content\/uploads\/2017\/08\/MIRTAALVAREZ-28082017.mp3\">https:\/\/infoluro.com\/wp-content\/uploads\/2017\/08\/MIRTAALVAREZ-28082017.mp3<\/a><\/audio>\n","protected":false},"excerpt":{"rendered":"<p>El hecho ocurri\u00f3 este domingo sobre las 23hs: un Fiat 1 en el que viajaba&#8230;<\/p>\n","protected":false},"author":2,"featured_media":4140,"comment_status":"closed","ping_status":"closed","sticky":false,"template":"","format":"standard","meta":{"footnotes":""},"categories":[45,14],"tags":[],"_links":{"self":[{"href":"https:\/\/infoluro.com\/index.php?rest_route=\/wp\/v2\/posts\/4138"}],"collection":[{"href":"https:\/\/infoluro.com\/index.php?rest_route=\/wp\/v2\/posts"}],"about":[{"href":"https:\/\/infoluro.com\/index.php?rest_route=\/wp\/v2\/types\/post"}],"author":[{"embeddable":true,"href":"https:\/\/infoluro.com\/index.php?rest_route=\/wp\/v2\/users\/2"}],"replies":[{"embeddable":true,"href":"https:\/\/infoluro.com\/index.php?rest_route=%2Fwp%2Fv2%2Fcomments&post=4138"}],"version-history":[{"count":0,"href":"https:\/\/infoluro.com\/index.php?rest_route=\/wp\/v2\/posts\/4138\/revisions"}],"wp:featuredmedia":[{"embeddable":true,"href":"https:\/\/infoluro.com\/index.php?rest_route=\/wp\/v2\/media\/4140"}],"wp:attachment":[{"href":"https:\/\/infoluro.com\/index.php?rest_route=%2Fwp%2Fv2%2Fmedia&parent=4138"}],"wp:term":[{"taxonomy":"category","embeddable":true,"href":"https:\/\/infoluro.com\/index.php?rest_route=%2Fwp%2Fv2%2Fcategories&post=4138"},{"taxonomy":"post_tag","embeddable":true,"href":"https:\/\/infoluro.com\/index.php?rest_route=%2Fwp%2Fv2%2Ftags&post=4138"}],"curies":[{"name":"wp","href":"https:\/\/api.w.org\/{rel}","templated":true}]}}