{"id":4150,"date":"2017-08-28T11:05:43","date_gmt":"2017-08-28T14:05:43","guid":{"rendered":"http:\/\/infoluro.com\/?p=4150"},"modified":"2017-08-28T11:05:43","modified_gmt":"2017-08-28T14:05:43","slug":"silvio-flocco-participa-en-chile-de-una-competencia-entre-bomberos","status":"publish","type":"post","link":"https:\/\/infoluro.com\/?p=4150","title":{"rendered":"Silvio Flocco participa en Chile de una competencia entre Bomberos"},"content":{"rendered":"<p>Silvio Flocco integrante del cuerpo de Bomberos de Pedro Luro, participara en Chile de una competencia junto a otros 1000 bomberos de Sudam\u00e9rica con la premisa de concientizar sobre la importancia de donar \u00f3rganos.\u00a0 Flocco ser\u00e1 el \u00fanico representante de Villarino; el evento se realizara en Santiago el d\u00eda 3 de septiembre y consiste en subir con el equipamiento de bombero (alrededor de 23kg), al piso 60 de la Torre Costanera, el edificio m\u00e1s alto de Latinoam\u00e9rica; unos 1800 escalones. Flocco visito los estudios de la Zfm y comento como fue la decisi\u00f3n de participar y las expectativas al respecto.<\/p>\n<p>&nbsp;<\/p>\n<p><!--more--><\/p>\n<p>El pr\u00f3ximo domingo 3 de Septiembre alrededor de 1.000 bomberos de todo Chile y el extranjero, subir\u00e1n los 60 pisos de la Torre Costanera, con uniforme completo, para fomentar la donaci\u00f3n de \u00f3rganos.<\/p>\n<p>En la segunda versi\u00f3n de esta competencia, los bomberos participantes subir\u00e1n hasta el piso 60 del edificio m\u00e1s alto de Latinoam\u00e9rica, superando los casi 1.800 escalones, portando fotograf\u00edas de quienes se encuentran actualmente en listas de espera para trasplantes en Chile.<\/p>\n<p>El valor de la inscripci\u00f3n ser\u00e1 donado de forma \u00edntegra a la Corporaci\u00f3n del Trasplante, para contribuir en su labor de promoci\u00f3n y difusi\u00f3n del trasplante de \u00f3rganos, dando apoyo adem\u00e1s en el proceso a los afectados y sus familiares.<\/p>\n<p>&nbsp;<\/p>\n","protected":false},"excerpt":{"rendered":"<p>Silvio Flocco integrante del cuerpo de Bomberos de Pedro Luro, participara en Chile de una&#8230;<\/p>\n","protected":false},"author":2,"featured_media":4151,"comment_status":"closed","ping_status":"closed","sticky":false,"template":"","format":"standard","meta":{"footnotes":""},"categories":[45,14],"tags":[],"_links":{"self":[{"href":"https:\/\/infoluro.com\/index.php?rest_route=\/wp\/v2\/posts\/4150"}],"collection":[{"href":"https:\/\/infoluro.com\/index.php?rest_route=\/wp\/v2\/posts"}],"about":[{"href":"https:\/\/infoluro.com\/index.php?rest_route=\/wp\/v2\/types\/post"}],"author":[{"embeddable":true,"href":"https:\/\/infoluro.com\/index.php?rest_route=\/wp\/v2\/users\/2"}],"replies":[{"embeddable":true,"href":"https:\/\/infoluro.com\/index.php?rest_route=%2Fwp%2Fv2%2Fcomments&post=4150"}],"version-history":[{"count":0,"href":"https:\/\/infoluro.com\/index.php?rest_route=\/wp\/v2\/posts\/4150\/revisions"}],"wp:featuredmedia":[{"embeddable":true,"href":"https:\/\/infoluro.com\/index.php?rest_route=\/wp\/v2\/media\/4151"}],"wp:attachment":[{"href":"https:\/\/infoluro.com\/index.php?rest_route=%2Fwp%2Fv2%2Fmedia&parent=4150"}],"wp:term":[{"taxonomy":"category","embeddable":true,"href":"https:\/\/infoluro.com\/index.php?rest_route=%2Fwp%2Fv2%2Fcategories&post=4150"},{"taxonomy":"post_tag","embeddable":true,"href":"https:\/\/infoluro.com\/index.php?rest_route=%2Fwp%2Fv2%2Ftags&post=4150"}],"curies":[{"name":"wp","href":"https:\/\/api.w.org\/{rel}","templated":true}]}}