{"id":4154,"date":"2017-08-28T11:11:12","date_gmt":"2017-08-28T14:11:12","guid":{"rendered":"http:\/\/infoluro.com\/?p=4154"},"modified":"2017-08-28T11:11:12","modified_gmt":"2017-08-28T14:11:12","slug":"derecho-replica-de-la-causa-schlitter-por-tenencia-de-marihuana","status":"publish","type":"post","link":"https:\/\/infoluro.com\/?p=4154","title":{"rendered":"Derecho a r\u00e9plica de la causa Schlitter por tenencia de marihuana"},"content":{"rendered":"<p>Maximiliano De Mira Abogado de Rolando y \u00c1lvaro \u00a0Schilitter, involucrados en una\u00a0 causa por tenencia de marihuana, pas\u00f3 por los micr\u00f3fonos de la Zfm para aclarar aspectos que se publicaron sobre \u00a0dicho proceso judicial con los que no estaba de acuerdo.<\/p>\n<!--[if lt IE 9]><script>document.createElement('audio');<\/script><![endif]-->\n<audio class=\"wp-audio-shortcode\" id=\"audio-4154-1\" preload=\"none\" style=\"width: 100%;\" controls=\"controls\"><source type=\"audio\/mpeg\" src=\"https:\/\/infoluro.com\/wp-content\/uploads\/2017\/08\/DEMIRA-ABOGADO-CASOSLITER-28082017.mp3?_=1\" \/><a href=\"https:\/\/infoluro.com\/wp-content\/uploads\/2017\/08\/DEMIRA-ABOGADO-CASOSLITER-28082017.mp3\">https:\/\/infoluro.com\/wp-content\/uploads\/2017\/08\/DEMIRA-ABOGADO-CASOSLITER-28082017.mp3<\/a><\/audio>\n<p><!--more--><\/p>\n<p>Se les imputo una tenencia simple que deriv\u00f3 en una posible siembra para la venta por lo que la causa pas\u00f3 a la Justicia Federal. De Mira recomend\u00f3 que se presenten en fiscal\u00eda para hacer su descargo. En el caso de Rolando Schlitter, manifest\u00f3 que no sab\u00eda de la existencia de las plantas por lo que se le ordeno la excarcelaci\u00f3n. En el caso de \u00c1lvaro Schlitter, manifest\u00f3 ser consumidor y no comercializar por lo que tambi\u00e9n obtuvo la excarcelaci\u00f3n.<\/p>\n<p>Con respecto a la cantidad (oficialmente se trataba de 140kg), De Mira informo que el pesaje neto solo de la flor es de 6kg. El pesaje que se brindo era de las plantas en bruto.<\/p>\n<p>Adem\u00e1s De Mira confirmo que la causa no se imputa por un hecho de faena clandestina<\/p>\n","protected":false},"excerpt":{"rendered":"<p>Maximiliano De Mira Abogado de Rolando y \u00c1lvaro \u00a0Schilitter, involucrados en una\u00a0 causa por tenencia&#8230;<\/p>\n","protected":false},"author":2,"featured_media":4127,"comment_status":"closed","ping_status":"closed","sticky":false,"template":"","format":"standard","meta":{"footnotes":""},"categories":[45],"tags":[],"_links":{"self":[{"href":"https:\/\/infoluro.com\/index.php?rest_route=\/wp\/v2\/posts\/4154"}],"collection":[{"href":"https:\/\/infoluro.com\/index.php?rest_route=\/wp\/v2\/posts"}],"about":[{"href":"https:\/\/infoluro.com\/index.php?rest_route=\/wp\/v2\/types\/post"}],"author":[{"embeddable":true,"href":"https:\/\/infoluro.com\/index.php?rest_route=\/wp\/v2\/users\/2"}],"replies":[{"embeddable":true,"href":"https:\/\/infoluro.com\/index.php?rest_route=%2Fwp%2Fv2%2Fcomments&post=4154"}],"version-history":[{"count":0,"href":"https:\/\/infoluro.com\/index.php?rest_route=\/wp\/v2\/posts\/4154\/revisions"}],"wp:featuredmedia":[{"embeddable":true,"href":"https:\/\/infoluro.com\/index.php?rest_route=\/wp\/v2\/media\/4127"}],"wp:attachment":[{"href":"https:\/\/infoluro.com\/index.php?rest_route=%2Fwp%2Fv2%2Fmedia&parent=4154"}],"wp:term":[{"taxonomy":"category","embeddable":true,"href":"https:\/\/infoluro.com\/index.php?rest_route=%2Fwp%2Fv2%2Fcategories&post=4154"},{"taxonomy":"post_tag","embeddable":true,"href":"https:\/\/infoluro.com\/index.php?rest_route=%2Fwp%2Fv2%2Ftags&post=4154"}],"curies":[{"name":"wp","href":"https:\/\/api.w.org\/{rel}","templated":true}]}}