{"id":4176,"date":"2017-08-29T11:26:35","date_gmt":"2017-08-29T14:26:35","guid":{"rendered":"http:\/\/infoluro.com\/?p=4176"},"modified":"2017-08-29T11:26:35","modified_gmt":"2017-08-29T14:26:35","slug":"nos-sancionaron-esta-ley-en-2015-y-nadie-dijo-nada","status":"publish","type":"post","link":"https:\/\/infoluro.com\/?p=4176","title":{"rendered":"\u201cNos sancionaron esta ley en 2015 y nadie dijo nada\u201d"},"content":{"rendered":"<p>Desde la aplicaci\u00f3n de la \u201cLey Picheto\u201d que otorg\u00f3 beneficios en los precios de combustibles para el Partido de Patagones, los estacioneros del Sur de Villarino han sufrido una crisis econ\u00f3mica al no poder competir con los precios. Esto ha generado que muchas estaciones hallan reducido personal y el riesgo latente de cerrar por no poder competir con el distrito vecino. Por tal motivo el Intendente de Villarino Carlos Bevilacqua se reuni\u00f3 con estacioneros para informarles c\u00f3mo avanza el Proyecto elaborado por el Diputado Gustavo Bevilacqua que solicita la modificaci\u00f3n de la mencionada ley: la misma indica que se derogue\u00a0 o que se incluya a Villarino con los mismos beneficios. El Intendente Carlos Bevilacqua manifest\u00f3 que a mediados de Septiembre se presentaran en la reuni\u00f3n\u00a0 de Comisi\u00f3n de Energ\u00eda junto a los estacioneros para solicitar que se trate el proyecto.<\/p>\n<!--[if lt IE 9]><script>document.createElement('audio');<\/script><![endif]-->\n<audio class=\"wp-audio-shortcode\" id=\"audio-4176-1\" preload=\"none\" style=\"width: 100%;\" controls=\"controls\"><source type=\"audio\/mpeg\" src=\"https:\/\/infoluro.com\/wp-content\/uploads\/2017\/08\/BEVILACUA.NAFTA-29082017.mp3?_=1\" \/><a href=\"https:\/\/infoluro.com\/wp-content\/uploads\/2017\/08\/BEVILACUA.NAFTA-29082017.mp3\">https:\/\/infoluro.com\/wp-content\/uploads\/2017\/08\/BEVILACUA.NAFTA-29082017.mp3<\/a><\/audio>\n<p><!--more--><\/p>\n<p>\u201cA uno le llama la atenci\u00f3n que en ese momento (2015) en el gobierno nacional, provincia y distrital era del mismo color pol\u00edtico (Frente para la Victoria). Muchas veces se habla que hay que estar alineados, pero si\u00a0 aceptan\u00a0 esta ley que perjudic\u00f3 a los villarinenses, nos encontramos con estas cuestiones que son muy dif\u00edciles de modificarse. El momento oportuno era en 2015 para levantar la voz por parte de quien ten\u00eda la responsabilidad de gobierno en Villarino (Patricia Cobello)\u201d sostuvo el Intendente Bevilacqua a la Zfm.<\/p>\n<p>&nbsp;<\/p>\n<p>\u201cEl Proyecto presentado a los estacioneros fue elaborado en conjunto con el Diputado Gustavo Bevilacqua, en el que se solicita la inclusi\u00f3n de Villarino a los beneficios que otorga la ley de combustibles. Se fijo a mediados del mes de septiembre, presentarse a la reuni\u00f3n de comisi\u00f3n de energ\u00eda para la necesidad imperiosa de que saquen el dictamen para ser tratado en diputados y de alguna manera saldar una injusticia que se ha cometido contra nuestro distrito.<\/p>\n<p>Estas inequidades traen injusticias que complican el desarrollo del distrito. aca hay responsables: sectores pol\u00edticos que hoy tienen la soluci\u00f3n, son los mismos que originaron este problema. Los interese del Distrito se defienden en momentos oportunos\u201d.<\/p>\n<p>&nbsp;<\/p>\n<p>La Ley Picheto:<\/p>\n<p>En 2015 se aprob\u00f3 por unanimidad una iniciativa que propon\u00eda disminuir el costo de los combustibles en la regi\u00f3n patag\u00f3nica, que incluye las provincias de Neuqu\u00e9n, R\u00edo Negro, Chubut, Santa Cruz, Tierra del Fuego y Ant\u00e1rtida e Islas del Atl\u00e1ntico Sur. La iniciativa, adem\u00e1s incluy\u00f3 a La Pampa y a los distritos de Malargue (Mendoza) y Patagones (Buenos Aires).\u00a0 La ley, presentada por el senador nacional de R\u00edo Negro Miguel \u00c1ngel Pichetto y por su par neuquino Guillermo Pereyra, determin\u00f3 una reducci\u00f3n aproximada del 22% en las naftas y del 12% en el gasoil a trav\u00e9s de la modificaci\u00f3n del Impuesto a la Transferencia de los Combustibles (ITC).<\/p>\n<p>La aplicaci\u00f3n de esta normativa ha impactado negativamente en distintos distritos del sur bonaerense. As\u00ed lo ratific\u00f3 en las \u00faltimas horas, y luego de varias gestiones, al arco pol\u00edtico de Villarino, donde se consensu\u00f3 un documento entre los distintos bloques de concejales en el que alertan sobre las dificultades econ\u00f3micas que atraviesan los estacioneros de la ciudad ante \u201cla inequidad\u201d de precios de los combustibles entre localidades geogr\u00e1ficamente pr\u00f3ximas. El documento, adem\u00e1s, recibi\u00f3 la adhesi\u00f3n del intendente Carlos Bevilacqua y de los representantes gremiales nucleados al sector.<\/p>\n","protected":false},"excerpt":{"rendered":"<p>Desde la aplicaci\u00f3n de la \u201cLey Picheto\u201d que otorg\u00f3 beneficios en los precios de combustibles&#8230;<\/p>\n","protected":false},"author":2,"featured_media":4178,"comment_status":"closed","ping_status":"closed","sticky":false,"template":"","format":"standard","meta":{"footnotes":""},"categories":[45,9],"tags":[],"_links":{"self":[{"href":"https:\/\/infoluro.com\/index.php?rest_route=\/wp\/v2\/posts\/4176"}],"collection":[{"href":"https:\/\/infoluro.com\/index.php?rest_route=\/wp\/v2\/posts"}],"about":[{"href":"https:\/\/infoluro.com\/index.php?rest_route=\/wp\/v2\/types\/post"}],"author":[{"embeddable":true,"href":"https:\/\/infoluro.com\/index.php?rest_route=\/wp\/v2\/users\/2"}],"replies":[{"embeddable":true,"href":"https:\/\/infoluro.com\/index.php?rest_route=%2Fwp%2Fv2%2Fcomments&post=4176"}],"version-history":[{"count":0,"href":"https:\/\/infoluro.com\/index.php?rest_route=\/wp\/v2\/posts\/4176\/revisions"}],"wp:featuredmedia":[{"embeddable":true,"href":"https:\/\/infoluro.com\/index.php?rest_route=\/wp\/v2\/media\/4178"}],"wp:attachment":[{"href":"https:\/\/infoluro.com\/index.php?rest_route=%2Fwp%2Fv2%2Fmedia&parent=4176"}],"wp:term":[{"taxonomy":"category","embeddable":true,"href":"https:\/\/infoluro.com\/index.php?rest_route=%2Fwp%2Fv2%2Fcategories&post=4176"},{"taxonomy":"post_tag","embeddable":true,"href":"https:\/\/infoluro.com\/index.php?rest_route=%2Fwp%2Fv2%2Ftags&post=4176"}],"curies":[{"name":"wp","href":"https:\/\/api.w.org\/{rel}","templated":true}]}}