{"id":4186,"date":"2017-08-30T10:59:11","date_gmt":"2017-08-30T13:59:11","guid":{"rendered":"http:\/\/infoluro.com\/?p=4186"},"modified":"2017-08-30T10:59:11","modified_gmt":"2017-08-30T13:59:11","slug":"estaciones-de-villarino-la-venta-nafta-bajo-40-desde-la-ley-picheto","status":"publish","type":"post","link":"https:\/\/infoluro.com\/?p=4186","title":{"rendered":"Estaciones de Villarino: La venta Nafta bajo 40% desde la \u201cLey Picheto\u201d"},"content":{"rendered":"<p>Ariel Zanconi, Contador de estaci\u00f3n Shell de Pedro Luro comento c\u00f3mo es el impacto de la \u201cLey Picheto\u201d en la estaciones de Villarino. \u201cDesde que se sanciono la venta de nafta ha ido disminuyendo. Los 5 y 6 pesos de diferencia han generado una reducci\u00f3n de venta \u00a0de un 40%. La pr\u00f3xima \u00a0apertura de una estaci\u00f3n instalada a dos kil\u00f3metros de Pedro Luro presagia que la situaci\u00f3n se agravar\u00eda a\u00fan m\u00e1s. Son 100 puestos laborales los que estar\u00e1n en riesgo\u201d. \u201cLa \u00fanica soluci\u00f3n es que los estacioneros de Villarino reciban los mismos beneficios que el Partido de Patagones o que se deroguen los beneficios para todos\u201d sostuvo a la Zfm el Contador Zanconi y agreg\u00f3 \u201cmes a mes se ve una disminuci\u00f3n de ventas, la situaci\u00f3n es similar en el norte del distrito, tenemos que ir al congreso y tratar de modificar la Ley\u201d.<\/p>\n<!--[if lt IE 9]><script>document.createElement('audio');<\/script><![endif]-->\n<audio class=\"wp-audio-shortcode\" id=\"audio-4186-1\" preload=\"none\" style=\"width: 100%;\" controls=\"controls\"><source type=\"audio\/mpeg\" src=\"https:\/\/infoluro.com\/wp-content\/uploads\/2017\/08\/CONTADORSCHELL-ZANCONI-30082017.mp3?_=1\" \/><a href=\"https:\/\/infoluro.com\/wp-content\/uploads\/2017\/08\/CONTADORSCHELL-ZANCONI-30082017.mp3\">https:\/\/infoluro.com\/wp-content\/uploads\/2017\/08\/CONTADORSCHELL-ZANCONI-30082017.mp3<\/a><\/audio>\n","protected":false},"excerpt":{"rendered":"<p>Ariel Zanconi, Contador de estaci\u00f3n Shell de Pedro Luro comento c\u00f3mo es el impacto de&#8230;<\/p>\n","protected":false},"author":2,"featured_media":4188,"comment_status":"closed","ping_status":"closed","sticky":false,"template":"","format":"standard","meta":{"footnotes":""},"categories":[45],"tags":[],"_links":{"self":[{"href":"https:\/\/infoluro.com\/index.php?rest_route=\/wp\/v2\/posts\/4186"}],"collection":[{"href":"https:\/\/infoluro.com\/index.php?rest_route=\/wp\/v2\/posts"}],"about":[{"href":"https:\/\/infoluro.com\/index.php?rest_route=\/wp\/v2\/types\/post"}],"author":[{"embeddable":true,"href":"https:\/\/infoluro.com\/index.php?rest_route=\/wp\/v2\/users\/2"}],"replies":[{"embeddable":true,"href":"https:\/\/infoluro.com\/index.php?rest_route=%2Fwp%2Fv2%2Fcomments&post=4186"}],"version-history":[{"count":0,"href":"https:\/\/infoluro.com\/index.php?rest_route=\/wp\/v2\/posts\/4186\/revisions"}],"wp:featuredmedia":[{"embeddable":true,"href":"https:\/\/infoluro.com\/index.php?rest_route=\/wp\/v2\/media\/4188"}],"wp:attachment":[{"href":"https:\/\/infoluro.com\/index.php?rest_route=%2Fwp%2Fv2%2Fmedia&parent=4186"}],"wp:term":[{"taxonomy":"category","embeddable":true,"href":"https:\/\/infoluro.com\/index.php?rest_route=%2Fwp%2Fv2%2Fcategories&post=4186"},{"taxonomy":"post_tag","embeddable":true,"href":"https:\/\/infoluro.com\/index.php?rest_route=%2Fwp%2Fv2%2Ftags&post=4186"}],"curies":[{"name":"wp","href":"https:\/\/api.w.org\/{rel}","templated":true}]}}