{"id":4211,"date":"2017-09-01T11:44:37","date_gmt":"2017-09-01T14:44:37","guid":{"rendered":"http:\/\/infoluro.com\/?p=4211"},"modified":"2017-09-01T11:44:37","modified_gmt":"2017-09-01T14:44:37","slug":"energia-renovable-para-el-hogar-y-la-red-electrica","status":"publish","type":"post","link":"https:\/\/infoluro.com\/?p=4211","title":{"rendered":"Energ\u00eda renovable para el hogar y la red el\u00e9ctrica"},"content":{"rendered":"<p>Avanza en Diputados un proyecto que permitir\u00eda que las personas puedan generar energ\u00eda renovable para abastecerse en su hogar, y que el excedente producido pueda ser otorgado a la red el\u00e9ctrica mediante un pago al vecino generador. Esta generaci\u00f3n puede ser a trav\u00e9s de paneles solares, Molinos minieolicos y Minihidro (esta es utilizada para riego). El 13 de septiembre podr\u00eda obtener media sanci\u00f3n en Diputados un proyecto que cambiar\u00eda la l\u00f3gica de producci\u00f3n y consumo de electricidad en la Argentina. Asi lo comento a la Zfm Javier Reyes, Titular de la Agencia de Energia Renovables de Villarino, que adem\u00e1s colaboro en la redacci\u00f3n del proyecto.<\/p>\n<!--[if lt IE 9]><script>document.createElement('audio');<\/script><![endif]-->\n<audio class=\"wp-audio-shortcode\" id=\"audio-4211-1\" preload=\"none\" style=\"width: 100%;\" controls=\"controls\"><source type=\"audio\/mpeg\" src=\"https:\/\/infoluro.com\/wp-content\/uploads\/2017\/09\/JAVIER-REYES-MOLINOS-01092017-1.mp3?_=1\" \/><a href=\"https:\/\/infoluro.com\/wp-content\/uploads\/2017\/09\/JAVIER-REYES-MOLINOS-01092017-1.mp3\">https:\/\/infoluro.com\/wp-content\/uploads\/2017\/09\/JAVIER-REYES-MOLINOS-01092017-1.mp3<\/a><\/audio>\n<p><!--more--><\/p>\n<p>La normativa (que puede consultarse completa al final de esta nota), contiene 41 art\u00edculos, a trav\u00e9s de los cuales se fijan las pol\u00edticas y se establecen &#8220;las condiciones jur\u00eddicas y contractuales para la generaci\u00f3n de energ\u00eda el\u00e9ctrica de origen renovable por parte de usuarios de la red de distribuci\u00f3n&#8221;. En criollo, permite que cualquier usuario produzca su propia electricidad a partir de cualquiera de las fuentes renovables, y en el caso de que genere m\u00e1s cantidad de energ\u00eda de la que consume, le venda ese excedente a la distribuidora (Edenor y Edesur en el AMBA o Epec en C\u00f3rdoba, por ejemplo).<\/p>\n<p>&nbsp;<\/p>\n<p>Condiciones e incentivos<\/p>\n<p>El proyecto tambi\u00e9n prev\u00e9 que, a partir de la reglamentaci\u00f3n de la ley (en el caso de que la apruebe tambi\u00e9n el Senado), cualquier proyecto de construcci\u00f3n de edificios p\u00fablicos &#8220;deber\u00e1 contemplar la utilizaci\u00f3n de alg\u00fan sistema de generaci\u00f3n distribuida proveniente de fuentes renovables&#8221;.<\/p>\n<p>Las pol\u00edticas de incentivos para que los usuarios efectivamente instalen equipamiento que permita producir electricidad ser\u00e1n implementadas a trav\u00e9s del Fondo para la Generaci\u00f3n Distribuida de Energ\u00edas Renovables (FODIS), creado a trav\u00e9s del art\u00edculo 16, al que el Tesoro Nacional le destinar\u00e1 en el primer a\u00f1o un monto de $500 millones de pesos. El FODIS podr\u00e1 proveer fondos y otorgar facilidades a trav\u00e9s de pr\u00e9stamos, bonificar o subsidiar la tasa de inter\u00e9s de cr\u00e9ditos, otorgar incentivos a la inyecci\u00f3n o bonificaciones a la adquisici\u00f3n de sistemas de generaci\u00f3n, o incluso financiar la difusi\u00f3n, investigaci\u00f3n y desarrollo relacionadas a las posibles aplicaciones de este tipo de tecnolog\u00edas.<\/p>\n<p>La industria nacional tambi\u00e9n fue incluida en la legislaci\u00f3n, porque se contempl\u00f3 la creaci\u00f3n de un r\u00e9gimen especial de fomento, que busca estimular las actividades de investigaci\u00f3n, dise\u00f1o, desarrollo, inversi\u00f3n en bienes de capital, producci\u00f3n, certificaci\u00f3n y servicios de instalaci\u00f3n para la generaci\u00f3n distribuida.<\/p>\n<p>&#8220;Este proyecto se acord\u00f3 el a\u00f1o pasado, pero faltaba m\u00e1s involucramiento del Ministerio de Energ\u00eda, que reci\u00e9n este a\u00f1o pudo abocarse ya que durante 2016 estuvo muy ocupado con el programa Renovar. Ahora incluso conseguimos un acuerdo con las distribuidoras y con las autoridades de las distintas provincias, que son fundamentales&#8221;, asegur\u00f3 el diputado Villalonga en di\u00e1logo con Cronista.com.<\/p>\n<p>&nbsp;<\/p>\n<p>Cambio de paradigma<\/p>\n<p>Una nueva legislaci\u00f3n que permita la producci\u00f3n de energ\u00eda de manera descentralizada y a partir de fuentes renovables era uno de los pedidos m\u00e1s importantes del sector. Marcelo \u00c1lvarez, presidente de la C\u00e1mara Argentina de Energ\u00edas Renovables, asegur\u00f3 en una conversaci\u00f3n con este diario que la autogeneraci\u00f3n produce un cambio de paradigma en el consumo, ya que el usuario comienza a tener m\u00e1s conciencia e incluso puede generar ingresos a partir de la instalaci\u00f3n de esa tecnolog\u00eda.<\/p>\n<p>&#8220;Las energ\u00edas renovables son un cambio de paradigma. No es solamente un cambio de tecnolog\u00eda, sino que tambi\u00e9n est\u00e1n asociadas al cambio de modelo de desarrollo y del modelo de consumo. Y, a partir del cambio del modelo de consumo, tambi\u00e9n el de producci\u00f3n de energ\u00eda. Ese cambio de paradigma hace que el ciudadano no sea un sujeto pasivo que simplemente consume, sino que se convierte en un actor adentro de la cadena causal&#8221;, hab\u00eda indicado \u00c1lvarez.<\/p>\n<p>&#8220;Las energ\u00edas renovables no son solamente un cambio de tecnolog\u00eda, sino que tambi\u00e9n est\u00e1n asociadas al cambio de modelo de desarrollo y del modelo de consumo&#8221;.<\/p>\n<p>El modelo m\u00e1s extendido para la autogeneraci\u00f3n de electricidad es a partir de paneles solares o tecnolog\u00eda fotovoltaica. El nivel de potencia de generaci\u00f3n depende no solamente de la tecnolog\u00eda que se instale sino tambi\u00e9n de los factores de capacidad de producci\u00f3n energ\u00e9tica de la zona geogr\u00e1fica, que para solar en la Argentina son altos sobre todo en el norte del pa\u00eds y Cuyo.<\/p>\n<p>(Fuente: elcronista.com)<\/p>\n","protected":false},"excerpt":{"rendered":"<p>Avanza en Diputados un proyecto que permitir\u00eda que las personas puedan generar energ\u00eda renovable para&#8230;<\/p>\n","protected":false},"author":2,"featured_media":4215,"comment_status":"closed","ping_status":"closed","sticky":false,"template":"","format":"standard","meta":{"footnotes":""},"categories":[45],"tags":[],"_links":{"self":[{"href":"https:\/\/infoluro.com\/index.php?rest_route=\/wp\/v2\/posts\/4211"}],"collection":[{"href":"https:\/\/infoluro.com\/index.php?rest_route=\/wp\/v2\/posts"}],"about":[{"href":"https:\/\/infoluro.com\/index.php?rest_route=\/wp\/v2\/types\/post"}],"author":[{"embeddable":true,"href":"https:\/\/infoluro.com\/index.php?rest_route=\/wp\/v2\/users\/2"}],"replies":[{"embeddable":true,"href":"https:\/\/infoluro.com\/index.php?rest_route=%2Fwp%2Fv2%2Fcomments&post=4211"}],"version-history":[{"count":0,"href":"https:\/\/infoluro.com\/index.php?rest_route=\/wp\/v2\/posts\/4211\/revisions"}],"wp:featuredmedia":[{"embeddable":true,"href":"https:\/\/infoluro.com\/index.php?rest_route=\/wp\/v2\/media\/4215"}],"wp:attachment":[{"href":"https:\/\/infoluro.com\/index.php?rest_route=%2Fwp%2Fv2%2Fmedia&parent=4211"}],"wp:term":[{"taxonomy":"category","embeddable":true,"href":"https:\/\/infoluro.com\/index.php?rest_route=%2Fwp%2Fv2%2Fcategories&post=4211"},{"taxonomy":"post_tag","embeddable":true,"href":"https:\/\/infoluro.com\/index.php?rest_route=%2Fwp%2Fv2%2Ftags&post=4211"}],"curies":[{"name":"wp","href":"https:\/\/api.w.org\/{rel}","templated":true}]}}