{"id":4315,"date":"2017-09-14T11:25:13","date_gmt":"2017-09-14T14:25:13","guid":{"rendered":"http:\/\/infoluro.com\/?p=4315"},"modified":"2017-09-14T11:25:13","modified_gmt":"2017-09-14T14:25:13","slug":"el-concejo-deliberante-trata-la-aprobacion-del-trazado-del-acueducto-pedro-luro-bahia-blanca","status":"publish","type":"post","link":"https:\/\/infoluro.com\/?p=4315","title":{"rendered":"El Concejo Deliberante trata la aprobaci\u00f3n del trazado del acueducto Pedro Luro Bah\u00eda Blanca"},"content":{"rendered":"<p>El Presidente del Concejo Deliberante de Villarino Orestes Villalba, dialog\u00f3 con la Zfm acerca de la sesi\u00f3n que se desarrollara este jueves que tendr\u00e1 como tema excluyente la aprobaci\u00f3n de la traza del acueducto Pedro Luro Bah\u00eda Blanca. \u201cFue una promesa que hizo la Gobernadora y hoy comienza a ser realidad. Esta obra beneficia a Hilario Ascasubi, Mayor Buratovich, Teniente Origone y M\u00e9danos en Villarino y \u00a0pasar\u00e1 por General Cerri, Bah\u00eda Blanca, y finalizar\u00e1 en Punta Alta\u201d.<\/p>\n<!--[if lt IE 9]><script>document.createElement('audio');<\/script><![endif]-->\n<audio class=\"wp-audio-shortcode\" id=\"audio-4315-1\" preload=\"none\" style=\"width: 100%;\" controls=\"controls\"><source type=\"audio\/mpeg\" src=\"https:\/\/infoluro.com\/wp-content\/uploads\/2017\/09\/ORESTEVILLALBA.ACUEDUCTO-14092017.mp3?_=1\" \/><a href=\"https:\/\/infoluro.com\/wp-content\/uploads\/2017\/09\/ORESTEVILLALBA.ACUEDUCTO-14092017.mp3\">https:\/\/infoluro.com\/wp-content\/uploads\/2017\/09\/ORESTEVILLALBA.ACUEDUCTO-14092017.mp3<\/a><\/audio>\n<p><!--more--><\/p>\n<p>Seg\u00fan comento Villalba, ma\u00f1ana se abrir\u00e1n los sobres de la licitaci\u00f3n. Es la obra m\u00e1s importante que tendr\u00e1 la Provincia de Buenos Aires valuada en su totalidad en $5000 millones. Esto solucionara la calidad de agua en Villarino fundamentalmente el que aqueja desde hace a\u00f1os la zona norte. la empresa que se adjudique la obra generara entre 400 y 500 puestos de trabajo.<\/p>\n","protected":false},"excerpt":{"rendered":"<p>El Presidente del Concejo Deliberante de Villarino Orestes Villalba, dialog\u00f3 con la Zfm acerca de&#8230;<\/p>\n","protected":false},"author":2,"featured_media":2588,"comment_status":"closed","ping_status":"closed","sticky":false,"template":"","format":"standard","meta":{"footnotes":""},"categories":[45],"tags":[],"_links":{"self":[{"href":"https:\/\/infoluro.com\/index.php?rest_route=\/wp\/v2\/posts\/4315"}],"collection":[{"href":"https:\/\/infoluro.com\/index.php?rest_route=\/wp\/v2\/posts"}],"about":[{"href":"https:\/\/infoluro.com\/index.php?rest_route=\/wp\/v2\/types\/post"}],"author":[{"embeddable":true,"href":"https:\/\/infoluro.com\/index.php?rest_route=\/wp\/v2\/users\/2"}],"replies":[{"embeddable":true,"href":"https:\/\/infoluro.com\/index.php?rest_route=%2Fwp%2Fv2%2Fcomments&post=4315"}],"version-history":[{"count":0,"href":"https:\/\/infoluro.com\/index.php?rest_route=\/wp\/v2\/posts\/4315\/revisions"}],"wp:featuredmedia":[{"embeddable":true,"href":"https:\/\/infoluro.com\/index.php?rest_route=\/wp\/v2\/media\/2588"}],"wp:attachment":[{"href":"https:\/\/infoluro.com\/index.php?rest_route=%2Fwp%2Fv2%2Fmedia&parent=4315"}],"wp:term":[{"taxonomy":"category","embeddable":true,"href":"https:\/\/infoluro.com\/index.php?rest_route=%2Fwp%2Fv2%2Fcategories&post=4315"},{"taxonomy":"post_tag","embeddable":true,"href":"https:\/\/infoluro.com\/index.php?rest_route=%2Fwp%2Fv2%2Ftags&post=4315"}],"curies":[{"name":"wp","href":"https:\/\/api.w.org\/{rel}","templated":true}]}}