{"id":4319,"date":"2017-09-15T11:13:05","date_gmt":"2017-09-15T14:13:05","guid":{"rendered":"http:\/\/infoluro.com\/?p=4319"},"modified":"2017-09-15T11:13:05","modified_gmt":"2017-09-15T14:13:05","slug":"bevilacqua-firmo-convenio-por-la-segunda-etapa-de-desagues-pluviales","status":"publish","type":"post","link":"https:\/\/infoluro.com\/?p=4319","title":{"rendered":"Bevilacqua firm\u00f3 convenio por la segunda etapa de desag\u00fces pluviales"},"content":{"rendered":"<p>El intendente Carlos Bevilacqua firm\u00f3 esta ma\u00f1ana el convenio para la segunda etapa de Desag\u00fces Pluviales para la localidad de Pedro Luro, con un monto estimado de \u00a0$ 11.594.434. Se trata de la denominada Cuenca A, de aproximadamente 38 hect\u00e1reas. La obra de desag\u00fce corresponde de la calle 5 hasta la 103. Los desag\u00fces se complementan con la ejecuci\u00f3n de sumideros, c\u00e1maras de inspecci\u00f3n, dos alcantarillas y una desembocadura. Al concretarse los trabajos, se resolver\u00e1 los conflictos de las calles 3 y 32, las m\u00e1s afectadas los d\u00edas de inclemencias clim\u00e1ticas.<\/p>\n<!--[if lt IE 9]><script>document.createElement('audio');<\/script><![endif]-->\n<audio class=\"wp-audio-shortcode\" id=\"audio-4319-1\" preload=\"none\" style=\"width: 100%;\" controls=\"controls\"><source type=\"audio\/mpeg\" src=\"https:\/\/infoluro.com\/wp-content\/uploads\/2017\/09\/BEVILACQUA-PLUVIALES-15092017.mp3?_=1\" \/><a href=\"https:\/\/infoluro.com\/wp-content\/uploads\/2017\/09\/BEVILACQUA-PLUVIALES-15092017.mp3\">https:\/\/infoluro.com\/wp-content\/uploads\/2017\/09\/BEVILACQUA-PLUVIALES-15092017.mp3<\/a><\/audio>\n<p><!--more-->Bevilacqua adem\u00e1s se refiri\u00f3 a la obra del acueducto entre Pedro Luro \u2013 Bah\u00eda Blanca destacando la importancia del proyecto que mucho tiempo se esper\u00f3 y que comienza a hacerse realidad. Adem\u00e1s destaco el trabajo de los funcionarios y concejales del distrito en forma mancomunada con el Gobierno Provincial.<\/p>\n<p>Por otro lado durante las gestiones Bevilacqua se reuino con el Director General de Cultura y Educaci\u00f3n Gabriel S\u00e1nchez Zinny. El intendente le comunic\u00f3 al Director la voluntad y decisi\u00f3n del Municipio de Villarino en cuanto a educaci\u00f3n, de seguir trabajando y empleando nuevas herramientas para los estudiantes de Villarino: la continuidad de la Escuela Secundaria 10, la soluci\u00f3n de problemas de gas y en varias instituciones fueron temas tratados.<\/p>\n<p><a href=\"https:\/\/infoluro.com\/wp-content\/uploads\/2017\/09\/Director-General-de-Cultura-y-Educaci\u00f3n.jpg\"><img loading=\"lazy\" decoding=\"async\" class=\"alignnone  wp-image-4321\" src=\"https:\/\/infoluro.com\/wp-content\/uploads\/2017\/09\/Director-General-de-Cultura-y-Educaci\u00f3n-300x200.jpg\" alt=\"\" width=\"503\" height=\"335\" srcset=\"https:\/\/infoluro.com\/wp-content\/uploads\/2017\/09\/Director-General-de-Cultura-y-Educaci\u00f3n-300x200.jpg 300w, https:\/\/infoluro.com\/wp-content\/uploads\/2017\/09\/Director-General-de-Cultura-y-Educaci\u00f3n-629x420.jpg 629w, https:\/\/infoluro.com\/wp-content\/uploads\/2017\/09\/Director-General-de-Cultura-y-Educaci\u00f3n-640x427.jpg 640w, https:\/\/infoluro.com\/wp-content\/uploads\/2017\/09\/Director-General-de-Cultura-y-Educaci\u00f3n-681x455.jpg 681w, https:\/\/infoluro.com\/wp-content\/uploads\/2017\/09\/Director-General-de-Cultura-y-Educaci\u00f3n.jpg 719w\" sizes=\"(max-width: 503px) 100vw, 503px\" \/><\/a><\/p>\n","protected":false},"excerpt":{"rendered":"<p>El intendente Carlos Bevilacqua firm\u00f3 esta ma\u00f1ana el convenio para la segunda etapa de Desag\u00fces&#8230;<\/p>\n","protected":false},"author":2,"featured_media":4320,"comment_status":"closed","ping_status":"closed","sticky":false,"template":"","format":"standard","meta":{"footnotes":""},"categories":[45,9],"tags":[],"_links":{"self":[{"href":"https:\/\/infoluro.com\/index.php?rest_route=\/wp\/v2\/posts\/4319"}],"collection":[{"href":"https:\/\/infoluro.com\/index.php?rest_route=\/wp\/v2\/posts"}],"about":[{"href":"https:\/\/infoluro.com\/index.php?rest_route=\/wp\/v2\/types\/post"}],"author":[{"embeddable":true,"href":"https:\/\/infoluro.com\/index.php?rest_route=\/wp\/v2\/users\/2"}],"replies":[{"embeddable":true,"href":"https:\/\/infoluro.com\/index.php?rest_route=%2Fwp%2Fv2%2Fcomments&post=4319"}],"version-history":[{"count":0,"href":"https:\/\/infoluro.com\/index.php?rest_route=\/wp\/v2\/posts\/4319\/revisions"}],"wp:featuredmedia":[{"embeddable":true,"href":"https:\/\/infoluro.com\/index.php?rest_route=\/wp\/v2\/media\/4320"}],"wp:attachment":[{"href":"https:\/\/infoluro.com\/index.php?rest_route=%2Fwp%2Fv2%2Fmedia&parent=4319"}],"wp:term":[{"taxonomy":"category","embeddable":true,"href":"https:\/\/infoluro.com\/index.php?rest_route=%2Fwp%2Fv2%2Fcategories&post=4319"},{"taxonomy":"post_tag","embeddable":true,"href":"https:\/\/infoluro.com\/index.php?rest_route=%2Fwp%2Fv2%2Ftags&post=4319"}],"curies":[{"name":"wp","href":"https:\/\/api.w.org\/{rel}","templated":true}]}}