{"id":4368,"date":"2017-09-20T17:25:16","date_gmt":"2017-09-20T20:25:16","guid":{"rendered":"http:\/\/infoluro.com\/?p=4368"},"modified":"2017-09-20T17:25:16","modified_gmt":"2017-09-20T20:25:16","slug":"secuestraron-cargamento-de-ostras-valuadas-en-mas-de-200-000","status":"publish","type":"post","link":"https:\/\/infoluro.com\/?p=4368","title":{"rendered":"Secuestraron cargamento de ostras valuadas en m\u00e1s de $200.000"},"content":{"rendered":"<p>El cargamento era transportado en dos veh\u00edculos que circulaban en sentido sur-norte por la ruta 3. Uno de ellos, una Renault Kangoo que transportaba 10 bolsas de ostras peladas que totalizaban unos 200 kilos valuados en $200.000. El vehicul\u00f3 era conducido por Daniel Carbajal. El otro, un Peugeot 306 otro fue detenido \u00a0en el control \u00a0Fitosanitario de Senansa que se encuentra pasando el puente del Rio Colorado. Seg\u00fan comento el Subcomisario Marcos Navarrete el conductor del Peugeot identificado como Eloy Carabajal, al observar que el otro veh\u00edculo era detenido dio la vuelta, tratando de volver hacia Stroeder, lugar en el que se domicilian las personas mencionadas. Los involucrados deber\u00e1n pagar una multa por llevar ostras \u00a0en un veh\u00edculo no habilitado para transportar alimentos adem\u00e1s de carecer de las medidas sanitarias correspondiente. El cargamento de ostras fue incinerado.Navarrete se refiri\u00f3 adem\u00e1s sobre los controles en La Salada por la primavera y sobre la recuperaci\u00f3n de herramientas que hab\u00edan sido robadas en un taller del Barrio Bonacina valuadas en $15.000.<\/p>\n<!--[if lt IE 9]><script>document.createElement('audio');<\/script><![endif]-->\n<audio class=\"wp-audio-shortcode\" id=\"audio-4368-1\" preload=\"none\" style=\"width: 100%;\" controls=\"controls\"><source type=\"audio\/mpeg\" src=\"https:\/\/infoluro.com\/wp-content\/uploads\/2017\/09\/NAVARRETEOSTRAS20092017.mp3?_=1\" \/><a href=\"https:\/\/infoluro.com\/wp-content\/uploads\/2017\/09\/NAVARRETEOSTRAS20092017.mp3\">https:\/\/infoluro.com\/wp-content\/uploads\/2017\/09\/NAVARRETEOSTRAS20092017.mp3<\/a><\/audio>\n<p>&nbsp;<\/p>\n","protected":false},"excerpt":{"rendered":"<p>El cargamento era transportado en dos veh\u00edculos que circulaban en sentido sur-norte por la ruta&#8230;<\/p>\n","protected":false},"author":2,"featured_media":4356,"comment_status":"closed","ping_status":"closed","sticky":false,"template":"","format":"standard","meta":{"footnotes":""},"categories":[45,2],"tags":[],"_links":{"self":[{"href":"https:\/\/infoluro.com\/index.php?rest_route=\/wp\/v2\/posts\/4368"}],"collection":[{"href":"https:\/\/infoluro.com\/index.php?rest_route=\/wp\/v2\/posts"}],"about":[{"href":"https:\/\/infoluro.com\/index.php?rest_route=\/wp\/v2\/types\/post"}],"author":[{"embeddable":true,"href":"https:\/\/infoluro.com\/index.php?rest_route=\/wp\/v2\/users\/2"}],"replies":[{"embeddable":true,"href":"https:\/\/infoluro.com\/index.php?rest_route=%2Fwp%2Fv2%2Fcomments&post=4368"}],"version-history":[{"count":0,"href":"https:\/\/infoluro.com\/index.php?rest_route=\/wp\/v2\/posts\/4368\/revisions"}],"wp:featuredmedia":[{"embeddable":true,"href":"https:\/\/infoluro.com\/index.php?rest_route=\/wp\/v2\/media\/4356"}],"wp:attachment":[{"href":"https:\/\/infoluro.com\/index.php?rest_route=%2Fwp%2Fv2%2Fmedia&parent=4368"}],"wp:term":[{"taxonomy":"category","embeddable":true,"href":"https:\/\/infoluro.com\/index.php?rest_route=%2Fwp%2Fv2%2Fcategories&post=4368"},{"taxonomy":"post_tag","embeddable":true,"href":"https:\/\/infoluro.com\/index.php?rest_route=%2Fwp%2Fv2%2Ftags&post=4368"}],"curies":[{"name":"wp","href":"https:\/\/api.w.org\/{rel}","templated":true}]}}