{"id":4631,"date":"2017-10-19T13:33:21","date_gmt":"2017-10-19T16:33:21","guid":{"rendered":"http:\/\/infoluro.com\/?p=4631"},"modified":"2017-10-19T13:33:21","modified_gmt":"2017-10-19T16:33:21","slug":"caso-micaela-ortega-condenan-prision-perpetua-jonathan-luna","status":"publish","type":"post","link":"https:\/\/infoluro.com\/?p=4631","title":{"rendered":"Caso Micaela Ortega: condenan a prisi\u00f3n perpetua a Jonathan Luna"},"content":{"rendered":"<div class=\"news-bajada-box\">\n<div id=\"textbody\">\n<p>Condenaron a prisi\u00f3n perpetua a Jonathan Luna, el femicida de\u00a0Micaela Ortega, la nena de 12 a\u00f1os que fue enga\u00f1ada mediante la red social Facebook, secuestrada y asesinada tras un intento de abuso sexual.<\/p>\n<p>Para la Justicia qued\u00f3 comprobado que el imputado abus\u00f3 de su condici\u00f3n de g\u00e9nero y de la desigualdad de fuerzas con la v\u00edctima.<\/p>\n<p><img decoding=\"async\" src=\"http:\/\/labrujula24.com\/adjuntos\/image\/2017\/luna%20en%20juicio.jpg\" \/><\/p>\n<div class=\"teads-inread\"><\/div>\n<p>Tambi\u00e9n se acredit\u00f3 que el crimen fue &#8220;criminis causa&#8221;, porque Luna la mat\u00f3 con la intenci\u00f3n de ocultar los delitos de grooming, robo y abuso. Adem\u00e1s, al ser reincidente &#8211;<em>fue condenado por robo en R\u00edo Negro<\/em>&#8211; Luna no podr\u00e1 solicitar el beneficio de la libertad condicional cuando cumpla 35 a\u00f1os tras las rejas.<\/p>\n<p>Cabe recordar que en la jornada de alegatos desarrollada la semana pasada, tanto el fiscal de la causa, Rodolfo De Luc\u00eda, como la querella, hab\u00edan pedido la m\u00e1xima pena para el imputado. El defensor oficial Sebasti\u00e1n Cuevas, en tanto, pretendi\u00f3 encuadrar el caso en un homicidio en ocasi\u00f3n de robo y solicit\u00f3 20 a\u00f1os de prisi\u00f3n y un tratamiento psicol\u00f3gico.<\/p>\n<p><strong><img decoding=\"async\" src=\"http:\/\/labrujula24.com\/adjuntos\/image\/2017\/22664113_1866482673365272_563780843_o.jpg\" alt=\"\" \/><\/strong><\/p>\n<p>Los padres de Micaela estuvieron presentes durante todo el proceso.<\/p>\n<p>El 23 de abril de 2016 la mam\u00e1 de Micaela se fue a trabajar y m\u00e1s tarde llam\u00f3 a la abuela de la menor para que la despierte. Fue entonces cuando descubrieron que la chica hab\u00eda dejado un mu\u00f1eco en su lugar dentro de la cama.<\/p>\n<p>Jonathan Luna la hab\u00eda contactado a trav\u00e9s de Facebook y se hab\u00eda hecho pasar por otra chica de su misma edad. La enga\u00f1\u00f3 y as\u00ed la convenci\u00f3 de encontrarse. La imagen de ambos caminando juntos recorri\u00f3 todo el pa\u00eds. Mientras, todos segu\u00edan buscando a Mica.<\/p>\n<p>Finalmente, su cuerpo apareci\u00f3 el 28 de ese mes en las afueras de la ciudad. La hab\u00edan golpeado y estrangulado hasta matarla.<\/p>\n<p>Fuente: La Br\u00fajula 24<\/p>\n<\/div>\n<\/div>\n","protected":false},"excerpt":{"rendered":"<p>Condenaron a prisi\u00f3n perpetua a Jonathan Luna, el femicida de\u00a0Micaela Ortega, la nena de 12&#8230;<\/p>\n","protected":false},"author":4,"featured_media":4632,"comment_status":"closed","ping_status":"closed","sticky":false,"template":"","format":"standard","meta":{"footnotes":""},"categories":[45,2],"tags":[],"_links":{"self":[{"href":"https:\/\/infoluro.com\/index.php?rest_route=\/wp\/v2\/posts\/4631"}],"collection":[{"href":"https:\/\/infoluro.com\/index.php?rest_route=\/wp\/v2\/posts"}],"about":[{"href":"https:\/\/infoluro.com\/index.php?rest_route=\/wp\/v2\/types\/post"}],"author":[{"embeddable":true,"href":"https:\/\/infoluro.com\/index.php?rest_route=\/wp\/v2\/users\/4"}],"replies":[{"embeddable":true,"href":"https:\/\/infoluro.com\/index.php?rest_route=%2Fwp%2Fv2%2Fcomments&post=4631"}],"version-history":[{"count":0,"href":"https:\/\/infoluro.com\/index.php?rest_route=\/wp\/v2\/posts\/4631\/revisions"}],"wp:featuredmedia":[{"embeddable":true,"href":"https:\/\/infoluro.com\/index.php?rest_route=\/wp\/v2\/media\/4632"}],"wp:attachment":[{"href":"https:\/\/infoluro.com\/index.php?rest_route=%2Fwp%2Fv2%2Fmedia&parent=4631"}],"wp:term":[{"taxonomy":"category","embeddable":true,"href":"https:\/\/infoluro.com\/index.php?rest_route=%2Fwp%2Fv2%2Fcategories&post=4631"},{"taxonomy":"post_tag","embeddable":true,"href":"https:\/\/infoluro.com\/index.php?rest_route=%2Fwp%2Fv2%2Ftags&post=4631"}],"curies":[{"name":"wp","href":"https:\/\/api.w.org\/{rel}","templated":true}]}}