{"id":465,"date":"2016-03-10T11:40:09","date_gmt":"2016-03-10T14:40:09","guid":{"rendered":"http:\/\/infoluro.com\/?p=465"},"modified":"2016-03-11T14:42:06","modified_gmt":"2016-03-11T17:42:06","slug":"la-obra-de-hidraulica-comenzaria-en-abril","status":"publish","type":"post","link":"https:\/\/infoluro.com\/?p=465","title":{"rendered":"La obra de hidr\u00e1ulica comenzar\u00eda en abril"},"content":{"rendered":"<p>Omar Stefanelli regres\u00f3 a su cargo como Delegado de Pedro Luro, luego de atravesar algunos problemas de salud y dialog\u00f3 con la Zfm sobre la actualidad de la delegaci\u00f3n, con los trabajos pactados para este tiempo. Cloacas-agua-cord\u00f3n cuneta, es lo que est\u00e1 en carpeta, aguardando la llegada de los fondos para comenzar. Se estima que en los primeros d\u00edas de abril comenzar\u00edan con las mencionadas tareas, al igual que la obra hidr\u00e1ulica para dar soluci\u00f3n al problema de los desag\u00fces pluviales; ya comenz\u00f3 el acopio de ca\u00f1os en la diagonal de 28 y 13.<\/p>\n<!--[if lt IE 9]><script>document.createElement('audio');<\/script><![endif]-->\n<audio class=\"wp-audio-shortcode\" id=\"audio-465-1\" preload=\"none\" style=\"width: 100%;\" controls=\"controls\"><source type=\"audio\/mpeg\" src=\"https:\/\/infoluro.com\/wp-content\/uploads\/2016\/03\/OMAR-STEFANELLI-PANORAMA-10032016.mp3?_=1\" \/><a href=\"https:\/\/infoluro.com\/wp-content\/uploads\/2016\/03\/OMAR-STEFANELLI-PANORAMA-10032016.mp3\">https:\/\/infoluro.com\/wp-content\/uploads\/2016\/03\/OMAR-STEFANELLI-PANORAMA-10032016.mp3<\/a><\/audio>\n<p><!--more--><\/p>\n<p>Stefanelli tambi\u00e9n se refiri\u00f3 a la obra del puente para el barrio Otondo: \u201ces una obra municipal, por lo que los fondos tienen que salir del municipio, y estim\u00f3 que va a tardar un tiempo en culminarse.\u201d<\/p>\n<p>Otro de los temas tratados fue la culminaci\u00f3n de las viviendas en el barrio del Bonacina. Stefanelli manifest\u00f3 que las chapas que estaban destinadas para las casas desaparecieron del corral\u00f3n de M\u00e9danos.<\/p>\n<p>&nbsp;<\/p>\n","protected":false},"excerpt":{"rendered":"<p>Omar Stefanelli regres\u00f3 a su cargo como Delegado de Pedro Luro, luego de atravesar algunos&#8230;<\/p>\n","protected":false},"author":2,"featured_media":467,"comment_status":"closed","ping_status":"closed","sticky":false,"template":"","format":"standard","meta":{"footnotes":""},"categories":[12,14],"tags":[],"_links":{"self":[{"href":"https:\/\/infoluro.com\/index.php?rest_route=\/wp\/v2\/posts\/465"}],"collection":[{"href":"https:\/\/infoluro.com\/index.php?rest_route=\/wp\/v2\/posts"}],"about":[{"href":"https:\/\/infoluro.com\/index.php?rest_route=\/wp\/v2\/types\/post"}],"author":[{"embeddable":true,"href":"https:\/\/infoluro.com\/index.php?rest_route=\/wp\/v2\/users\/2"}],"replies":[{"embeddable":true,"href":"https:\/\/infoluro.com\/index.php?rest_route=%2Fwp%2Fv2%2Fcomments&post=465"}],"version-history":[{"count":0,"href":"https:\/\/infoluro.com\/index.php?rest_route=\/wp\/v2\/posts\/465\/revisions"}],"wp:featuredmedia":[{"embeddable":true,"href":"https:\/\/infoluro.com\/index.php?rest_route=\/wp\/v2\/media\/467"}],"wp:attachment":[{"href":"https:\/\/infoluro.com\/index.php?rest_route=%2Fwp%2Fv2%2Fmedia&parent=465"}],"wp:term":[{"taxonomy":"category","embeddable":true,"href":"https:\/\/infoluro.com\/index.php?rest_route=%2Fwp%2Fv2%2Fcategories&post=465"},{"taxonomy":"post_tag","embeddable":true,"href":"https:\/\/infoluro.com\/index.php?rest_route=%2Fwp%2Fv2%2Ftags&post=465"}],"curies":[{"name":"wp","href":"https:\/\/api.w.org\/{rel}","templated":true}]}}