{"id":569,"date":"2016-03-29T10:24:53","date_gmt":"2016-03-29T13:24:53","guid":{"rendered":"http:\/\/infoluro.com\/?p=569"},"modified":"2016-03-29T11:53:54","modified_gmt":"2016-03-29T14:53:54","slug":"jardin-910-tendra-transporte-desde-abril","status":"publish","type":"post","link":"https:\/\/infoluro.com\/?p=569","title":{"rendered":"Jard\u00edn 910 tendr\u00e1 transporte desde abril"},"content":{"rendered":"<p>As\u00ed lo confirm\u00f3 a la Z fm la Presidente del Concejo Escolar, Andrea\u00a0 Sposetti. En la primera instancia podr\u00e1n abordar el colectivo los chicos con registrados en el 2015 (ya que est\u00e1n asegurados); los del 2016 deben esperar a que se presente y se apruebe la documentaci\u00f3n que los habilite a utilizar el servicio. En los \u00faltimos d\u00edas los transportistas, a quienes se les deben varias cuotas del a\u00f1o anterior, aceptaron una pr\u00f3rroga para continuar con el servicio.El jard\u00edn 910 al no contar con edificio propio, alquila las instalaciones del jard\u00edn de infantes \u00a0\u00a0Mazzarello de Fort\u00edn Mercedes por ese motivo se necesita del transporte para concurrir a clases. En la zona sur aceptaron todos, mientras que en la zona norte la aceptaci\u00f3n fue parcial.<\/p>\n<!--[if lt IE 9]><script>document.createElement('audio');<\/script><![endif]-->\n<audio class=\"wp-audio-shortcode\" id=\"audio-569-1\" preload=\"none\" style=\"width: 100%;\" controls=\"controls\"><source type=\"audio\/mpeg\" src=\"https:\/\/infoluro.com\/wp-content\/uploads\/2016\/03\/ANDREA-SPOSETTI.TRANS_.29032016.mp3?_=1\" \/><a href=\"https:\/\/infoluro.com\/wp-content\/uploads\/2016\/03\/ANDREA-SPOSETTI.TRANS_.29032016.mp3\">https:\/\/infoluro.com\/wp-content\/uploads\/2016\/03\/ANDREA-SPOSETTI.TRANS_.29032016.mp3<\/a><\/audio>\n","protected":false},"excerpt":{"rendered":"<p>As\u00ed lo confirm\u00f3 a la Z fm la Presidente del Concejo Escolar, Andrea\u00a0 Sposetti. En&#8230;<\/p>\n","protected":false},"author":2,"featured_media":570,"comment_status":"closed","ping_status":"closed","sticky":false,"template":"","format":"standard","meta":{"footnotes":""},"categories":[12],"tags":[],"_links":{"self":[{"href":"https:\/\/infoluro.com\/index.php?rest_route=\/wp\/v2\/posts\/569"}],"collection":[{"href":"https:\/\/infoluro.com\/index.php?rest_route=\/wp\/v2\/posts"}],"about":[{"href":"https:\/\/infoluro.com\/index.php?rest_route=\/wp\/v2\/types\/post"}],"author":[{"embeddable":true,"href":"https:\/\/infoluro.com\/index.php?rest_route=\/wp\/v2\/users\/2"}],"replies":[{"embeddable":true,"href":"https:\/\/infoluro.com\/index.php?rest_route=%2Fwp%2Fv2%2Fcomments&post=569"}],"version-history":[{"count":0,"href":"https:\/\/infoluro.com\/index.php?rest_route=\/wp\/v2\/posts\/569\/revisions"}],"wp:featuredmedia":[{"embeddable":true,"href":"https:\/\/infoluro.com\/index.php?rest_route=\/wp\/v2\/media\/570"}],"wp:attachment":[{"href":"https:\/\/infoluro.com\/index.php?rest_route=%2Fwp%2Fv2%2Fmedia&parent=569"}],"wp:term":[{"taxonomy":"category","embeddable":true,"href":"https:\/\/infoluro.com\/index.php?rest_route=%2Fwp%2Fv2%2Fcategories&post=569"},{"taxonomy":"post_tag","embeddable":true,"href":"https:\/\/infoluro.com\/index.php?rest_route=%2Fwp%2Fv2%2Ftags&post=569"}],"curies":[{"name":"wp","href":"https:\/\/api.w.org\/{rel}","templated":true}]}}