{"id":573,"date":"2016-03-29T11:44:40","date_gmt":"2016-03-29T14:44:40","guid":{"rendered":"http:\/\/infoluro.com\/?p=573"},"modified":"2016-03-29T11:56:31","modified_gmt":"2016-03-29T14:56:31","slug":"uno-de-los-principales-factores-del-grave-deterioro-en-los-que-se-encuentran-la-gran-mayoria-de-los-moviles","status":"publish","type":"post","link":"https:\/\/infoluro.com\/?p=573","title":{"rendered":"El FPV impulsa un proyecto para el cuidado y mantenimiento de los m\u00f3viles policiales"},"content":{"rendered":"<p>El Bloque de Concejales del Frente Para la Victoria presento un proyecto para realizar un curso de mantenimiento y manejo de veh\u00edculos policiales. Uno de los principales factores del grave deterioro en los que se encuentran la gran mayor\u00eda de los m\u00f3viles. Es por eso que se solicita a trav\u00e9s de la Subsecretar\u00eda de Protecci\u00f3n Ciudadana y la Subdirecci\u00f3n de Reparaciones y Mantenimiento del Municipio de Villarino, un curso de mantenimiento de veh\u00edculos en la Escuela de Polic\u00eda Descentralizada \u201cJuan Vucetich\u201d del Partido de Villarino, con el objetivo de que los cadetes, futuros efectivos policiales, entiendan el funcionamiento general de un autom\u00f3vil, comprendiendo la importancia del mantenimiento preventivo del mismo. Esto dec\u00eda al respecto el Concejal del FPV Fabricio Stefanelli.<\/p>\n<!--[if lt IE 9]><script>document.createElement('audio');<\/script><![endif]-->\n<audio class=\"wp-audio-shortcode\" id=\"audio-573-1\" preload=\"none\" style=\"width: 100%;\" controls=\"controls\"><source type=\"audio\/mpeg\" src=\"https:\/\/infoluro.com\/wp-content\/uploads\/2016\/03\/FABRICIO-POLIS-29032016.mp3?_=1\" \/><a href=\"https:\/\/infoluro.com\/wp-content\/uploads\/2016\/03\/FABRICIO-POLIS-29032016.mp3\">https:\/\/infoluro.com\/wp-content\/uploads\/2016\/03\/FABRICIO-POLIS-29032016.mp3<\/a><\/audio>\n<p><!--more--><\/p>\n<p>Este es el proyecto:<\/p>\n<p>CURSO DE MANTENIMIENTO Y MANEJO DE VEH\u00cdCULOS PARA LA POLIC\u00cdA<\/p>\n<p>Proyecto de ordenanza del bloque del Frente para la Victoria \/ Partido Justicialista. Propicia el dictado de un curso de mantenimiento de veh\u00edculos en la Escuela de Polic\u00eda Descentralizada \u201cJuan Vucetich\u201d del Partido de Villarino.<\/p>\n<p>VISTO,<\/p>\n<p>Que despu\u00e9s de arduas gestiones, durante el transcurso del a\u00f1o 2015, ha comenzado a funcionar en la localidad de Pedro Luro la Escuela de Polic\u00eda Descentralizada \u201cJuan Vucetich\u201d del Partido de Villarino, con el prop\u00f3sito fundamental de contribuir con su labor a brindar mayor seguridad en el distrito.<\/p>\n<p>Que dicha escuela, que funciona en el Centro Comunitario Llancayani, permitir\u00e1 el egreso de una gran cantidad de efectivos policiales de los Municipios de Villarino y Patagones.<\/p>\n<p>Que la descentralizaci\u00f3n de las escuelas les permite a muchos j\u00f3venes, que ten\u00edan la vocaci\u00f3n y\/o la necesidad de formaci\u00f3n, de poder estudiar cerca de sus hogares, evitando tener que viajar a diversas ciudades y que, adem\u00e1s, luego de ello no ten\u00edan la certeza del lugar donde iban a prestar servicios, lo que conspiraba contra su formaci\u00f3n.<\/p>\n<p>Que uno de los principales objetivos de la creaci\u00f3n de la escuela de polic\u00eda descentralizada es que los efectivos cumplan tareas en las localidades de nuestro distrito, conociendo a la perfecci\u00f3n sus calles, permaneciendo m\u00e1s cerca de los vecinos y estableciendo relaciones con la comunidad en general.<\/p>\n<p>Que los nuevos efectivos adquieren v\u00ednculos afectivos y de pertenencia con el lugar donde prestan servicios.<\/p>\n<p>Que son los municipios los que brindan a las escuelas descentralizadas de polic\u00edas la log\u00edstica necesaria, lugar e insumos, para el correcto funcionamiento de las mismas.<\/p>\n<p>Que las diversas materias te\u00f3rico-pr\u00e1cticas son dictadas por personal docente de la regi\u00f3n, habiendo gran cantidad de profesionales y personal calificado.<\/p>\n<p>&nbsp;<\/p>\n<p>Y CONSIDERANDO,<\/p>\n<p>&nbsp;<\/p>\n<p>Asimismo, que es sumamente importante que la fuerza policial tenga\u00a0 veh\u00edculos adecuados y en perfecto estado para poder cumplir con su funci\u00f3n de prevenci\u00f3n del delito.<\/p>\n<p>Que, pese a haber recibido en los \u00faltimos cuatro a\u00f1os por parte del Ministerio de Seguridad m\u00e1s de 15 nuevos m\u00f3viles policiales, el estado en los que se encuentran los mismos es preocupante, existiendo incluso algunos fuera de servicio.<\/p>\n<p>Que uno de los principales factores del grave deterioro en los que se encuentran la gran mayor\u00eda de los m\u00f3viles policiales de todas las localidades del distrito es su falta de mantenimiento.<\/p>\n<p>Que la falta de un esquema regularizado y coordinado de mantenimiento refleja una clara situaci\u00f3n a mejorar.<\/p>\n<p>Que es el Municipio el que debe afrontar los gastos por roturas, debiendo desembolsar anualmente grandes sumas de dinero.<\/p>\n<p>Que el uso normal y habitual dado a los m\u00f3viles policiales en nada se compara con los usos proporcionados a cualquier otro veh\u00edculo. Y que por lo tanto, el esquema de mantenimiento, como por ejemplo, cambios de aceite en tiempo y forma, rotaci\u00f3n o cambio de neum\u00e1ticos o reparaciones eventuales y generales, tambi\u00e9n es muy distinto al resto de los veh\u00edculos.<\/p>\n<p>Que, asimismo, es condici\u00f3n necesaria que cualquier efectivo que conduzca m\u00f3viles policiales cuente con carnet de conducir habilitante para tal situaci\u00f3n.<\/p>\n<p>Es por todo ello que, elevamos el siguiente proyecto de ordenanza:<\/p>\n<p>Art\u00edculo 1: D\u00edctese, a trav\u00e9s de la Subsecretar\u00eda de Protecci\u00f3n Ciudadana y la Subdirecci\u00f3n de Reparaciones y Mantenimiento del Municipio de Villarino, un curso de mantenimiento de veh\u00edculos en la Escuela de Polic\u00eda Descentralizada \u201cJuan Vucetich\u201d del Partido de Villarino, con el objetivo de que los cadetes, futuros efectivos policiales, entiendan el funcionamiento general de un autom\u00f3vil, comprendiendo la importancia del mantenimiento preventivo del mismo.<\/p>\n<p>Art\u00edculo 2: Extender dicho curso de \u201cMantenimiento Vehicular\u201d a cada uno de los efectivos de la fuerza policial en todas las localidades del distrito de Villarino.<\/p>\n<p>Art\u00edculo 3: Establecer la obligatoriedad del curso a todos los efectivos policiales del Municipio de Villarino.<\/p>\n<p>Art\u00edculo 4: Los conocimientos m\u00ednimos con los que deber\u00e1 contar el curso deber\u00e1n incluir:<\/p>\n<p>Conocimiento b\u00e1sico y did\u00e1ctico del funcionamiento de un veh\u00edculo,<\/p>\n<p>Control, revisi\u00f3n y mantenimiento: comprobaci\u00f3n de niveles b\u00e1sicos: aceite, anticongelante, l\u00edquido de frenos; comprobaci\u00f3n de la direcci\u00f3n; comprobaci\u00f3n de limpiaparabrisas; sustituci\u00f3n de elementos: l\u00e1mparas, escobillas limpiaparabrisas, fusibles; inspecci\u00f3n de neum\u00e1ticos: estado, presi\u00f3n de inflado, sustituci\u00f3n; examen de la bater\u00eda: arrancado auxiliar; resoluci\u00f3n de problemas b\u00e1sicos e informaci\u00f3n necesaria para prevenir la aparici\u00f3n de fallas evitables. Seguridad del veh\u00edculo.<\/p>\n<p>Art\u00edculo 5: Solicitar al Departamento Ejecutivo, a trav\u00e9s de la Subsecretar\u00eda de Protecci\u00f3n Ciudadana y la Subdirecci\u00f3n de Reparaciones y Mantenimiento del Municipio de Villarino, la creaci\u00f3n de un esquema regularizado y coordinado de mantenimiento de todos los m\u00f3viles policiales del distrito.<\/p>\n<p>Art\u00edculo 6: Solicitar al Departamento Ejecutivo, arbitre los medios necesarios ante el Ministerio de Seguridad de la Provincia de Buenos Aires, para que se incorpore a la curr\u00edcula de la carrera de polic\u00eda de la Escuela de Polic\u00eda Descentralizada \u201cJuan Vucetich\u201d del Partido de Villarino, la materia \u201cMantenimiento de Veh\u00edculos Policiales\u201d.<\/p>\n<p>Art\u00edculo 7: Solicitar al Departamento Ejecutivo, arbitre los medios necesarios ante el Ministerio de Seguridad de la Provincia de Buenos Aires, para que se incorpore a la curr\u00edcula de la carrera de polic\u00eda, el curso de conducci\u00f3n vehicular te\u00f3rico y pr\u00e1ctico, y que sin el mismo aprobado no se produzca el egreso del cadete.<\/p>\n<p>&nbsp;<\/p>\n<p>Art\u00edculo 8: De forma.<\/p>\n","protected":false},"excerpt":{"rendered":"<p>El Bloque de Concejales del Frente Para la Victoria presento un proyecto para realizar un&#8230;<\/p>\n","protected":false},"author":2,"featured_media":580,"comment_status":"closed","ping_status":"closed","sticky":false,"template":"","format":"standard","meta":{"footnotes":""},"categories":[12,9],"tags":[],"_links":{"self":[{"href":"https:\/\/infoluro.com\/index.php?rest_route=\/wp\/v2\/posts\/573"}],"collection":[{"href":"https:\/\/infoluro.com\/index.php?rest_route=\/wp\/v2\/posts"}],"about":[{"href":"https:\/\/infoluro.com\/index.php?rest_route=\/wp\/v2\/types\/post"}],"author":[{"embeddable":true,"href":"https:\/\/infoluro.com\/index.php?rest_route=\/wp\/v2\/users\/2"}],"replies":[{"embeddable":true,"href":"https:\/\/infoluro.com\/index.php?rest_route=%2Fwp%2Fv2%2Fcomments&post=573"}],"version-history":[{"count":0,"href":"https:\/\/infoluro.com\/index.php?rest_route=\/wp\/v2\/posts\/573\/revisions"}],"wp:featuredmedia":[{"embeddable":true,"href":"https:\/\/infoluro.com\/index.php?rest_route=\/wp\/v2\/media\/580"}],"wp:attachment":[{"href":"https:\/\/infoluro.com\/index.php?rest_route=%2Fwp%2Fv2%2Fmedia&parent=573"}],"wp:term":[{"taxonomy":"category","embeddable":true,"href":"https:\/\/infoluro.com\/index.php?rest_route=%2Fwp%2Fv2%2Fcategories&post=573"},{"taxonomy":"post_tag","embeddable":true,"href":"https:\/\/infoluro.com\/index.php?rest_route=%2Fwp%2Fv2%2Ftags&post=573"}],"curies":[{"name":"wp","href":"https:\/\/api.w.org\/{rel}","templated":true}]}}