{"id":599,"date":"2016-04-02T22:19:08","date_gmt":"2016-04-03T01:19:08","guid":{"rendered":"http:\/\/infoluro.com\/?p=599"},"modified":"2016-04-02T22:19:08","modified_gmt":"2016-04-03T01:19:08","slug":"villarino-honro-con-un-acto-a-sus-heroes-de-malvinas","status":"publish","type":"post","link":"https:\/\/infoluro.com\/?p=599","title":{"rendered":"Villarino honr\u00f3 con un acto a sus h\u00e9roes de Malvinas"},"content":{"rendered":"<p class=\"yiv3122843622msonormal\" style=\"margin: 0cm; margin-bottom: .0001pt; text-align: justify; background: white;\"><span style=\"font-family: 'Arial','sans-serif'; color: black;\">El acto, que comenz\u00f3 a las 11 horas, se desarroll\u00f3 frente a la Plaza ARA General Belgrano e incluy\u00f3 una emotiva ceremonia con entonaci\u00f3n del Himno Nacional Argentino, entrega de reconocimientos a los Veteranos, palabras del Presidente del Centro Mario Kelly, del Intendente Municipal Carlos Bevilacqua, entrega de ofrendas florales y descubrimiento de una placa alusiva.<\/span><!--more--><\/p>\n<p>\u201cEst\u00e1n presentes en nuestra memoria aquellos que se quedaron junto al crucero y los que quedaron en las Islas para siempre, que dieron su vida por que la patria lo pidi\u00f3, sostuvo en su discurso Mario Kelly y destac\u00f3 que \u201ca 34 a\u00f1os de la gesta cientos de organizaciones a lo largo de nuestro pa\u00eds siguen manteniendo vivo el esp\u00edritu malvinense\u201d.<\/p>\n<p>&nbsp;<\/p>\n<p>\u201cQuiero hacer un reconocimiento al hero\u00edsmo, al coraje y al valor que han tenido todos los que nos est\u00e1n acompa\u00f1ando y a todos los que han quedado en las Islas, sostuvo el Intendente Bevilacqua, quien resalt\u00f3 \u201cLa fortaleza ante las adversidades de quienes participaron de la gesta hace 34 a\u00f1os\u201d.<\/p>\n<p>&nbsp;<\/p>\n<p>Estuvieron presentes el Intendente, Carlos Bevilacqua, el Jefe de Gabinete Horacio Bri\u00f3n, funcionarios municipales, integrantes del Centro de Veteranos de Villarino, Concejales, Establecimientos Educativos, Instituciones Intermedias y autoridades policiales.<\/p>\n<p>Como cierre de tan sentido acto, el Jefe Comunal junto a los integrantes del Centro de Veteranos y el p\u00fablico presente, descubrieron una placa alusiva en la Plaza Belgrano.<\/p>\n<p>&nbsp;<\/p>\n<p><strong>Integrantes del Centro de Veteranos de Villarino:<\/strong><\/p>\n<p>&nbsp;<\/p>\n<p>Acosta Ra\u00fal<\/p>\n<p>Arbizu N\u00e9stor<\/p>\n<p>Balogh Roberto<\/p>\n<p>Barrirero Osvaldo<\/p>\n<p>Breno Daniel<\/p>\n<p>Huiriqueo Ernesto<\/p>\n<p>Kelly Mario<\/p>\n<p>Pavon Huvo<\/p>\n<p>Pinela Aldo<\/p>\n<p>Rigoni Osvaldo<\/p>\n<p>Rodr\u00edguez Jorge<\/p>\n<p>Romero Ram\u00f3n<\/p>\n<p>Weingardt Sergio<\/p>\n<p>&nbsp;<\/p>\n<p><strong>Instituciones que estuvieron presentes:<\/strong><\/p>\n<p>&nbsp;<\/p>\n<p>Jard\u00edn de Infantes N\u00ba 901 \u201cBerta Abadie de Malta\u201d, Escuela Primaria N\u00ba 5 \u201cJuan Bautista Alberdi\u201d y Escuela Secundaria N\u00ba 4 de la localidad.<\/p>\n<p>&nbsp;<\/p>\n<p>Directivos de la Escuela Primaria N\u00ba 29 \u201cJos\u00e9 Hern\u00e1ndez\u201d, Jard\u00edn de Infantes Rural N\u00ba 4 paraje \u201cLa Catalina\u201d, Escuela Primaria N\u00ba 21 \u201cMar\u00eda Auxiliadora\u201d, Jard\u00edn de Infantes N\u00ba 9 de Chapalc\u00f3.<\/p>\n<p>&nbsp;<\/p>\n<p>Representantes del Centro de Adultos N\u00ba 704, la Asociaci\u00f3n \u201cUltima Tripulaci\u00f3n\u201d de Punta Alta, la Biblioteca Alfonsina Storni, el Club Juventud Unida, el Club Juventud Agraria, el Centro de Jubilados Esperanza de Vida, la Casa de La Cultura de Pedro Luro, la Asociaci\u00f3n Espa\u00f1ola de M\u00e9danos, la Casa del Abuelo, la Escuela de B\u00e1squet, el Grupo Juvenil, la Pe\u00f1a \u201cEl Cabur\u00e9\u201d, la Cooperativa de Industria y Ahorro Limitada, la Escuela de Cadetes \u201cRoque Nieva\u201d, los Bomberos Voluntarios de Juan Coust\u00e9 y el Oratorio San Jos\u00e9 Obrero.<\/p>\n<p>&nbsp;<\/p>\n","protected":false},"excerpt":{"rendered":"<p>El acto, que comenz\u00f3 a las 11 horas, se desarroll\u00f3 frente a la Plaza ARA&#8230;<\/p>\n","protected":false},"author":2,"featured_media":600,"comment_status":"closed","ping_status":"closed","sticky":false,"template":"","format":"standard","meta":{"footnotes":""},"categories":[9],"tags":[],"_links":{"self":[{"href":"https:\/\/infoluro.com\/index.php?rest_route=\/wp\/v2\/posts\/599"}],"collection":[{"href":"https:\/\/infoluro.com\/index.php?rest_route=\/wp\/v2\/posts"}],"about":[{"href":"https:\/\/infoluro.com\/index.php?rest_route=\/wp\/v2\/types\/post"}],"author":[{"embeddable":true,"href":"https:\/\/infoluro.com\/index.php?rest_route=\/wp\/v2\/users\/2"}],"replies":[{"embeddable":true,"href":"https:\/\/infoluro.com\/index.php?rest_route=%2Fwp%2Fv2%2Fcomments&post=599"}],"version-history":[{"count":0,"href":"https:\/\/infoluro.com\/index.php?rest_route=\/wp\/v2\/posts\/599\/revisions"}],"wp:featuredmedia":[{"embeddable":true,"href":"https:\/\/infoluro.com\/index.php?rest_route=\/wp\/v2\/media\/600"}],"wp:attachment":[{"href":"https:\/\/infoluro.com\/index.php?rest_route=%2Fwp%2Fv2%2Fmedia&parent=599"}],"wp:term":[{"taxonomy":"category","embeddable":true,"href":"https:\/\/infoluro.com\/index.php?rest_route=%2Fwp%2Fv2%2Fcategories&post=599"},{"taxonomy":"post_tag","embeddable":true,"href":"https:\/\/infoluro.com\/index.php?rest_route=%2Fwp%2Fv2%2Ftags&post=599"}],"curies":[{"name":"wp","href":"https:\/\/api.w.org\/{rel}","templated":true}]}}