{"id":619,"date":"2016-04-05T11:36:52","date_gmt":"2016-04-05T14:36:52","guid":{"rendered":"http:\/\/infoluro.com\/?p=619"},"modified":"2016-04-05T11:36:52","modified_gmt":"2016-04-05T14:36:52","slug":"manana-no-habra-atencion-en-el-banco-provincia","status":"publish","type":"post","link":"https:\/\/infoluro.com\/?p=619","title":{"rendered":"Ma\u00f1ana no habr\u00e1 atenci\u00f3n en el Banco Provincia"},"content":{"rendered":"<p style=\"line-height: 16.0pt; background: white;\"><span style=\"font-size: 10.5pt; font-family: 'Arial','sans-serif'; color: black;\">Empleados del banco Provincia realizar\u00e1n ma\u00f1ana un paro de actividades, por lo que no habr\u00e1 atenci\u00f3n al p\u00fablico en ninguna de las sucursales de la entidad. La medida tambi\u00e9n afectar\u00e1 la reposici\u00f3n de dinero en los cajeros autom\u00e1ticos.<\/span><!--more--><\/p>\n<p>Los trabajadores protestan por una serie de decisiones adoptadas por el directorio, entre ellas sostener los sumarios al personal mencionado en causas judiciales como las de Juan Suris, por ejemplo.<\/p>\n<p>Adem\u00e1s, el sindicato La Bancaria anunci\u00f3 una huelga a nivel nacional de todas las entidades para el jueves 14 de abril.<\/p>\n<p>El secretario general del gremio, Sergio Palazzo, argument\u00f3 que la huelga se deben a un reclamo por la &#8220;reincorporaci\u00f3n de despedidos&#8221; y &#8220;salarios justos&#8221;, al tiempo que alert\u00f3 que el banco Citi &#8220;decidi\u00f3 irse de la Argentina y 2.300 personas se quedar\u00e1n sin trabajo&#8221;.<\/p>\n<p>FUENTE: la brujula24<img loading=\"lazy\" decoding=\"async\" class=\"alignnone size-medium wp-image-620\" src=\"https:\/\/infoluro.com\/wp-content\/uploads\/2016\/04\/banco-provincia-300x140.jpg\" alt=\"banco provincia\" width=\"300\" height=\"140\" srcset=\"https:\/\/infoluro.com\/wp-content\/uploads\/2016\/04\/banco-provincia-300x140.jpg 300w, https:\/\/infoluro.com\/wp-content\/uploads\/2016\/04\/banco-provincia.jpg 531w\" sizes=\"(max-width: 300px) 100vw, 300px\" \/><\/p>\n","protected":false},"excerpt":{"rendered":"<p>Empleados del banco Provincia realizar\u00e1n ma\u00f1ana un paro de actividades, por lo que no habr\u00e1&#8230;<\/p>\n","protected":false},"author":2,"featured_media":620,"comment_status":"closed","ping_status":"closed","sticky":false,"template":"","format":"standard","meta":{"footnotes":""},"categories":[12],"tags":[],"_links":{"self":[{"href":"https:\/\/infoluro.com\/index.php?rest_route=\/wp\/v2\/posts\/619"}],"collection":[{"href":"https:\/\/infoluro.com\/index.php?rest_route=\/wp\/v2\/posts"}],"about":[{"href":"https:\/\/infoluro.com\/index.php?rest_route=\/wp\/v2\/types\/post"}],"author":[{"embeddable":true,"href":"https:\/\/infoluro.com\/index.php?rest_route=\/wp\/v2\/users\/2"}],"replies":[{"embeddable":true,"href":"https:\/\/infoluro.com\/index.php?rest_route=%2Fwp%2Fv2%2Fcomments&post=619"}],"version-history":[{"count":0,"href":"https:\/\/infoluro.com\/index.php?rest_route=\/wp\/v2\/posts\/619\/revisions"}],"wp:featuredmedia":[{"embeddable":true,"href":"https:\/\/infoluro.com\/index.php?rest_route=\/wp\/v2\/media\/620"}],"wp:attachment":[{"href":"https:\/\/infoluro.com\/index.php?rest_route=%2Fwp%2Fv2%2Fmedia&parent=619"}],"wp:term":[{"taxonomy":"category","embeddable":true,"href":"https:\/\/infoluro.com\/index.php?rest_route=%2Fwp%2Fv2%2Fcategories&post=619"},{"taxonomy":"post_tag","embeddable":true,"href":"https:\/\/infoluro.com\/index.php?rest_route=%2Fwp%2Fv2%2Ftags&post=619"}],"curies":[{"name":"wp","href":"https:\/\/api.w.org\/{rel}","templated":true}]}}