{"id":641,"date":"2016-04-07T11:20:57","date_gmt":"2016-04-07T14:20:57","guid":{"rendered":"http:\/\/infoluro.com\/?p=641"},"modified":"2016-04-07T11:20:57","modified_gmt":"2016-04-07T14:20:57","slug":"villarino-todavia-sin-transporte-escolar","status":"publish","type":"post","link":"https:\/\/infoluro.com\/?p=641","title":{"rendered":"Villarino: todav\u00eda sin transporte escolar"},"content":{"rendered":"<p>Desde el Concejo Escolar se hab\u00eda asegurado que en el mes de abril el transporte gratuito para alumnos de Villarino iba a estar en marcha, pero por el momento no est\u00e1 funcionando. \u201cQueremos trabajar y queremos que los chicos lleguen a la escuela\u201d manifest\u00f3 a la Zfm el Secretario Gremial de Suteba Nelson Holzmann; y agreg\u00f3 que tienen la misma desorientaci\u00f3n que \u00a0todos y no saben por cu\u00e1nto tiempo m\u00e1s se estirar la problem\u00e1tica. Los docentes de Villarino han redactado una carta al Presidente del Concejo Escolar y al Cuerpo de Concejeros Escolares y te la presentamos a continuaci\u00f3n.<\/p>\n<!--[if lt IE 9]><script>document.createElement('audio');<\/script><![endif]-->\n<audio class=\"wp-audio-shortcode\" id=\"audio-641-1\" preload=\"none\" style=\"width: 100%;\" controls=\"controls\"><source type=\"audio\/mpeg\" src=\"https:\/\/infoluro.com\/wp-content\/uploads\/2016\/04\/NELSON-HOLSMAN.SINCOLECTIVO-07042016.mp3?_=1\" \/><a href=\"https:\/\/infoluro.com\/wp-content\/uploads\/2016\/04\/NELSON-HOLSMAN.SINCOLECTIVO-07042016.mp3\">https:\/\/infoluro.com\/wp-content\/uploads\/2016\/04\/NELSON-HOLSMAN.SINCOLECTIVO-07042016.mp3<\/a><\/audio>\n<p><!--more--><\/p>\n<p>SUTEBA VILLARINO<br \/>\nPresidente del Consejo Escolar<br \/>\nCuerpo de Consejeros Escolares<br \/>\nS\/D<\/p>\n<p>Otra semana m\u00e1s\u2026<\/p>\n<p>Con la mano en el coraz\u00f3n, alejados de toda pr\u00e9dica y verborragia, recordando compromisos de campa\u00f1a que siguen intactos, sin s\u00faplicas, esperando con algo m\u00e1s que la esperanza.<\/p>\n<p>Otra semana m\u00e1s de pedir formalmente, informalmente, con cartas, con audiencia y sin ella. Otra semana m\u00e1s que pasa, y ya es mi\u00e9rcoles. Abril anuncia con lluvias lo que reflejan las notas por Cable, los dichos radiales, los comentarios de todos y algunas verdades a medias.<br \/>\nEntre tantas charlas, escritos que van y vienen, dedos que se levantan para ver qui\u00e9n no hizo lo que ten\u00eda que hacer, contrataciones que reflejan lo que dejaron y lo que no existe todav\u00eda, entrevistas prometidas a directores y padres, intervenciones sindicales que parecen lamentos o llamados a la solidaridad, entre tantas \u201ccostillas\u201d contadas\u2026otra semana m\u00e1s.<\/p>\n<p>Se llama Nahuel. Se llama Abril. Se llama Sof\u00eda. Se llama\u2026\u2026.? .Tres rostros, tres personas, tres ni\u00f1os. Tres entre tantos, tres multiplicados en otras caras de otras escuelas. Y la encrucijada de la vida que no sabe de \u201cResoluciones\u201d, ni de \u201cdict\u00e1menes\u201d. Tampoco entiende de contratos ni cupos, ni de papeles ni formularios, menos que menos si el Estado se preocupa de la igualdad de condiciones. Mientras la vida pasa, la gente pasa&#8230; se va consumiendo la preocupaci\u00f3n y la memoria<\/p>\n<p>Ayer tres ni\u00f1os no fueron a la escuela. Ayer entre varios que esperan en una parada de transporte, transporte que no llega ni sabemos si llegar\u00e1.<br \/>\nUna maestra pide un lugar m\u00e1s para dar de comer, pide entre tantos que lleva en una lista larga de excluidos, pide tenerlos.<\/p>\n<p>Alejados de los diarios, de los s\u00f3calos de televisi\u00f3n, de las chicanas propias de la pol\u00edtica cotidiana, de los formulismos de la burocracia escolar decimos: \u00bfcu\u00e1nto? \u00bfOtra semana m\u00e1s?<br \/>\nLos recortes por las dudas, los ajustes por herencia.. arrastran, quitan, despojan de oportunidades. Estos ni\u00f1os no eligieron&#8230;. sus padres tampoco. \u00bfTal vez los ni\u00f1os de tres a\u00f1os no deber\u00edan ir a la escuela como lo estaban haciendo?.<\/p>\n<p>Apelamos a la urgencia, a no descansar hasta resolver los derechos de estos ni\u00f1os, a romper con la l\u00f3gica, a no tentarse con la omisi\u00f3n y a plantear, con celeridad, al organismo provincial educativo que corresponde. No pedimos limosna. Les pedimos por Ellos, pedimos por los que no entienden de formulismos, actas, resoluciones\u2026<\/p>\n<p>Ni limosna, ni s\u00faplica\u2026.!!! Equidad e inclusi\u00f3n.<\/p>\n<p>Docentes del Distrito de Villarino..<\/p>\n<p>&nbsp;<\/p>\n","protected":false},"excerpt":{"rendered":"<p>Desde el Concejo Escolar se hab\u00eda asegurado que en el mes de abril el transporte&#8230;<\/p>\n","protected":false},"author":2,"featured_media":570,"comment_status":"closed","ping_status":"closed","sticky":false,"template":"","format":"standard","meta":{"footnotes":""},"categories":[12,9],"tags":[],"_links":{"self":[{"href":"https:\/\/infoluro.com\/index.php?rest_route=\/wp\/v2\/posts\/641"}],"collection":[{"href":"https:\/\/infoluro.com\/index.php?rest_route=\/wp\/v2\/posts"}],"about":[{"href":"https:\/\/infoluro.com\/index.php?rest_route=\/wp\/v2\/types\/post"}],"author":[{"embeddable":true,"href":"https:\/\/infoluro.com\/index.php?rest_route=\/wp\/v2\/users\/2"}],"replies":[{"embeddable":true,"href":"https:\/\/infoluro.com\/index.php?rest_route=%2Fwp%2Fv2%2Fcomments&post=641"}],"version-history":[{"count":0,"href":"https:\/\/infoluro.com\/index.php?rest_route=\/wp\/v2\/posts\/641\/revisions"}],"wp:featuredmedia":[{"embeddable":true,"href":"https:\/\/infoluro.com\/index.php?rest_route=\/wp\/v2\/media\/570"}],"wp:attachment":[{"href":"https:\/\/infoluro.com\/index.php?rest_route=%2Fwp%2Fv2%2Fmedia&parent=641"}],"wp:term":[{"taxonomy":"category","embeddable":true,"href":"https:\/\/infoluro.com\/index.php?rest_route=%2Fwp%2Fv2%2Fcategories&post=641"},{"taxonomy":"post_tag","embeddable":true,"href":"https:\/\/infoluro.com\/index.php?rest_route=%2Fwp%2Fv2%2Ftags&post=641"}],"curies":[{"name":"wp","href":"https:\/\/api.w.org\/{rel}","templated":true}]}}