{"id":739,"date":"2016-04-20T09:54:55","date_gmt":"2016-04-20T12:54:55","guid":{"rendered":"http:\/\/infoluro.com\/?p=739"},"modified":"2016-04-20T09:54:55","modified_gmt":"2016-04-20T12:54:55","slug":"el-frente-renovador-busca-beneficios-para-el-sudoeste-bonaerense","status":"publish","type":"post","link":"https:\/\/infoluro.com\/?p=739","title":{"rendered":"El Frente Renovador busca beneficios para el Sudoeste Bonaerense"},"content":{"rendered":"<p>La Diputada Provincial de la Sexta Seccion, Mar\u00eda Marta Corrado paso por los micr\u00f3fonos de la Zfm comentando como marcha el tratamiento de la Ley de Zona Austral Desfavorable. La ley brindaba una exenci\u00f3n del 100% pero por un error en un art\u00edculo, hab\u00eda una traba para quienes quer\u00edan acceder directamente a este beneficio, puesto que para ello deb\u00edan presentar un proyecto productivo. \u201cDe esta inquietud que presento el Intendente Bevilacqua, nosotros nos hicimos eco y presentamos esta modificaci\u00f3n, la misma ya tiene estado parlamentario; all\u00ed deben observar que no se pretende un cambio sustancial, sino una modificaci\u00f3n de redacci\u00f3n. Creemos \u00a0que no habr\u00e1 inconvenientes en aprobar la modificaci\u00f3n\u201d. Tambi\u00e9n Corrado un proyecto de declarar zona fr\u00eda al Sudoeste Bonaerense, para conseguir beneficios en cuanto a la suba en las facturas del gas.<\/p>\n<!--[if lt IE 9]><script>document.createElement('audio');<\/script><![endif]-->\n<audio class=\"wp-audio-shortcode\" id=\"audio-739-1\" preload=\"none\" style=\"width: 100%;\" controls=\"controls\"><source type=\"audio\/mpeg\" src=\"https:\/\/infoluro.com\/wp-content\/uploads\/2016\/04\/DIP-PCIAL-FR-CORRADO-ZONA-AUSTRAL-20042016.mp3?_=1\" \/><a href=\"https:\/\/infoluro.com\/wp-content\/uploads\/2016\/04\/DIP-PCIAL-FR-CORRADO-ZONA-AUSTRAL-20042016.mp3\">https:\/\/infoluro.com\/wp-content\/uploads\/2016\/04\/DIP-PCIAL-FR-CORRADO-ZONA-AUSTRAL-20042016.mp3<\/a><\/audio>\n","protected":false},"excerpt":{"rendered":"<p>La Diputada Provincial de la Sexta Seccion, Mar\u00eda Marta Corrado paso por los micr\u00f3fonos de&#8230;<\/p>\n","protected":false},"author":2,"featured_media":741,"comment_status":"closed","ping_status":"closed","sticky":false,"template":"","format":"standard","meta":{"footnotes":""},"categories":[12,9],"tags":[],"_links":{"self":[{"href":"https:\/\/infoluro.com\/index.php?rest_route=\/wp\/v2\/posts\/739"}],"collection":[{"href":"https:\/\/infoluro.com\/index.php?rest_route=\/wp\/v2\/posts"}],"about":[{"href":"https:\/\/infoluro.com\/index.php?rest_route=\/wp\/v2\/types\/post"}],"author":[{"embeddable":true,"href":"https:\/\/infoluro.com\/index.php?rest_route=\/wp\/v2\/users\/2"}],"replies":[{"embeddable":true,"href":"https:\/\/infoluro.com\/index.php?rest_route=%2Fwp%2Fv2%2Fcomments&post=739"}],"version-history":[{"count":0,"href":"https:\/\/infoluro.com\/index.php?rest_route=\/wp\/v2\/posts\/739\/revisions"}],"wp:featuredmedia":[{"embeddable":true,"href":"https:\/\/infoluro.com\/index.php?rest_route=\/wp\/v2\/media\/741"}],"wp:attachment":[{"href":"https:\/\/infoluro.com\/index.php?rest_route=%2Fwp%2Fv2%2Fmedia&parent=739"}],"wp:term":[{"taxonomy":"category","embeddable":true,"href":"https:\/\/infoluro.com\/index.php?rest_route=%2Fwp%2Fv2%2Fcategories&post=739"},{"taxonomy":"post_tag","embeddable":true,"href":"https:\/\/infoluro.com\/index.php?rest_route=%2Fwp%2Fv2%2Ftags&post=739"}],"curies":[{"name":"wp","href":"https:\/\/api.w.org\/{rel}","templated":true}]}}