{"id":815,"date":"2016-04-27T11:54:46","date_gmt":"2016-04-27T14:54:46","guid":{"rendered":"http:\/\/infoluro.com\/?p=815"},"modified":"2016-04-27T13:01:55","modified_gmt":"2016-04-27T16:01:55","slug":"las-problematicas-del-910-parecen-nunca-acabar","status":"publish","type":"post","link":"https:\/\/infoluro.com\/?p=815","title":{"rendered":"Las problem\u00e1ticas del Jardin 910 parecen nunca acabar"},"content":{"rendered":"<p>El Jard\u00edn 910 que funciona en el Colegio Madre Mazzarello comenz\u00f3 el 2016 con varios inconvenientes. Por un lado hay que resaltar que ya instalados casi en el mes de mayo, el transporte gratuito no est\u00e1 brindando su servicio. Seg\u00fan manifest\u00f3 Andrea Sposetti, Concejera Escolar, esto se debe a una problem\u00e1tica con el transportista, por lo cual se ha buscado uno nuevo al que se le est\u00e1 realizando la habilitaci\u00f3n.\u00a0 Sposetti no descarto la posibilidad de trasladar el jard\u00edn al sector urbano de la localidad hasta su construcci\u00f3n definitiva. Por otro lado Ana Laura Peretto representante legal del Colegio Madre Mazzarello confirm\u00f3 que la gesti\u00f3n del gobierno anterior dejo una deuda de m\u00e1s de $40.000, y este a\u00f1o ya se adeudan los primeros cuatro meses de alquiler. Adem\u00e1s sostuvo que el concejo escolar prometi\u00f3 refacciones y material con las que no ha cumplido. Spocetti y Peretto y Jos\u00e9 Verazza (Presidente de la Asociaci\u00f3n Cooperadora del 910) pasaron por los Micr\u00f3fonos de la Zfm y esto decian.<\/p>\n<!--[if lt IE 9]><script>document.createElement('audio');<\/script><![endif]-->\n<audio class=\"wp-audio-shortcode\" id=\"audio-815-1\" preload=\"none\" style=\"width: 100%;\" controls=\"controls\"><source type=\"audio\/mpeg\" src=\"https:\/\/infoluro.com\/wp-content\/uploads\/2016\/04\/ANDREA-SPOSETTI-910-27042016.mp3?_=1\" \/><a href=\"https:\/\/infoluro.com\/wp-content\/uploads\/2016\/04\/ANDREA-SPOSETTI-910-27042016.mp3\">https:\/\/infoluro.com\/wp-content\/uploads\/2016\/04\/ANDREA-SPOSETTI-910-27042016.mp3<\/a><\/audio>\n<audio class=\"wp-audio-shortcode\" id=\"audio-815-2\" preload=\"none\" style=\"width: 100%;\" controls=\"controls\"><source type=\"audio\/mpeg\" src=\"https:\/\/infoluro.com\/wp-content\/uploads\/2016\/04\/ANALAURAPERETTO-27062016.mp3?_=2\" \/><a href=\"https:\/\/infoluro.com\/wp-content\/uploads\/2016\/04\/ANALAURAPERETTO-27062016.mp3\">https:\/\/infoluro.com\/wp-content\/uploads\/2016\/04\/ANALAURAPERETTO-27062016.mp3<\/a><\/audio>\n<audio class=\"wp-audio-shortcode\" id=\"audio-815-3\" preload=\"none\" style=\"width: 100%;\" controls=\"controls\"><source type=\"audio\/mpeg\" src=\"https:\/\/infoluro.com\/wp-content\/uploads\/2016\/04\/JOSE-VERAZZA910-27042016.mp3?_=3\" \/><a href=\"https:\/\/infoluro.com\/wp-content\/uploads\/2016\/04\/JOSE-VERAZZA910-27042016.mp3\">https:\/\/infoluro.com\/wp-content\/uploads\/2016\/04\/JOSE-VERAZZA910-27042016.mp3<\/a><\/audio>\n<p><!--more--><\/p>\n<p>Andrea Sposetti: \u201cCon respecto al transporte del Jard\u00edn N\u00ba910, el colectivo no brindaba el servicio porque\u00a0 el transportista no ha cumplido. \u00a0Por lo cual se ha buscado uno nuevo, al cual est\u00e1 realizando la habilitaci\u00f3n para que comience a circular\u201d. Adem\u00e1s no descarto la posibilidad de trasladar el jard\u00edn al sector urbano de la localidad hasta su construcci\u00f3n definitiva. Seg\u00fan manifest\u00f3 la Concejera Escolar de Villarino \u00a0la empresa encargada de la obra espera una actualizaci\u00f3n de precios para continuar.<\/p>\n<p>Ana Laura Peretto representante legal del Colegio Madre Mazzarello, donde funciona el Jard\u00edn N\u00ba910 confirm\u00f3 que la gesti\u00f3n del gobierno anterior dejo una deuda de m\u00e1s de $40.000, y este a\u00f1o ya se adeudan los primeros cuatro meses de alquiler. \u201cTras una reuni\u00f3n realizada meses atr\u00e1s se acord\u00f3 la actualizaci\u00f3n del alquiler incluido los impuestos con un monto fij; adem\u00e1s se prometi\u00f3 una serie de refacciones entre Concejo Escolar y Municipio que se han cumplido parcialmente; y \u00a0se hab\u00edan comprometido con la compra de un proyector, una fotocopiadora y un reacondicionamiento de la sala maternal; pero esto a\u00fan no llego\u201d.<\/p>\n","protected":false},"excerpt":{"rendered":"<p>El Jard\u00edn 910 que funciona en el Colegio Madre Mazzarello comenz\u00f3 el 2016 con varios&#8230;<\/p>\n","protected":false},"author":2,"featured_media":820,"comment_status":"closed","ping_status":"closed","sticky":false,"template":"","format":"standard","meta":{"footnotes":""},"categories":[12,14],"tags":[],"_links":{"self":[{"href":"https:\/\/infoluro.com\/index.php?rest_route=\/wp\/v2\/posts\/815"}],"collection":[{"href":"https:\/\/infoluro.com\/index.php?rest_route=\/wp\/v2\/posts"}],"about":[{"href":"https:\/\/infoluro.com\/index.php?rest_route=\/wp\/v2\/types\/post"}],"author":[{"embeddable":true,"href":"https:\/\/infoluro.com\/index.php?rest_route=\/wp\/v2\/users\/2"}],"replies":[{"embeddable":true,"href":"https:\/\/infoluro.com\/index.php?rest_route=%2Fwp%2Fv2%2Fcomments&post=815"}],"version-history":[{"count":0,"href":"https:\/\/infoluro.com\/index.php?rest_route=\/wp\/v2\/posts\/815\/revisions"}],"wp:featuredmedia":[{"embeddable":true,"href":"https:\/\/infoluro.com\/index.php?rest_route=\/wp\/v2\/media\/820"}],"wp:attachment":[{"href":"https:\/\/infoluro.com\/index.php?rest_route=%2Fwp%2Fv2%2Fmedia&parent=815"}],"wp:term":[{"taxonomy":"category","embeddable":true,"href":"https:\/\/infoluro.com\/index.php?rest_route=%2Fwp%2Fv2%2Fcategories&post=815"},{"taxonomy":"post_tag","embeddable":true,"href":"https:\/\/infoluro.com\/index.php?rest_route=%2Fwp%2Fv2%2Ftags&post=815"}],"curies":[{"name":"wp","href":"https:\/\/api.w.org\/{rel}","templated":true}]}}