{"id":826,"date":"2016-04-28T11:26:15","date_gmt":"2016-04-28T14:26:15","guid":{"rendered":"http:\/\/infoluro.com\/?p=826"},"modified":"2016-04-28T11:26:15","modified_gmt":"2016-04-28T14:26:15","slug":"mientras-bevilacqua-se-encuentra-de-vacaciones-en-europa-hay-chicos-que-no-pueden-llegar-a-la-escuela","status":"publish","type":"post","link":"https:\/\/infoluro.com\/?p=826","title":{"rendered":"\u201cMientras Bevilacqua se encuentra de vacaciones en Europa, hay chicos que no pueden llegar a la escuela\u201d"},"content":{"rendered":"<p>Los concejales del Frente Para la Victoria, Fabi\u00e1n Marlia y Fabricio Stefanelli visitaron los estudios de la Zfm dando su punto de vista tras la suspensi\u00f3n de la sesi\u00f3n en el HCD que tratar\u00eda la problem\u00e1tica del transporte escolar y comedores. \u201cEl d\u00eda martes nos desayunamos\u00a0 con la noticia que los presidentes de las comisiones de legislaci\u00f3n \u00a0y educaci\u00f3n hab\u00edan decidido de forma unilateral la suspensi\u00f3n de la misma\u201d sostuvo Marlia y agrego: \u201cnosotros siempre dimos una respuesta en materia de educaci\u00f3n. Hemos pedido al menos 5 informes al Concejo Escolar sin respuesta. No vemos voluntad de parte de Acci\u00f3n por Villarino de resolver este conflicto\u201d; adem\u00e1s reconocieron que el gobierno de Patricia Cobello ha utilizado el fondo educativo en obra p\u00fablica, pero en lugares donde estaban ubicadas las escuelas. Escucha la nota completa.<\/p>\n<!--[if lt IE 9]><script>document.createElement('audio');<\/script><![endif]-->\n<audio class=\"wp-audio-shortcode\" id=\"audio-826-1\" preload=\"none\" style=\"width: 100%;\" controls=\"controls\"><source type=\"audio\/mpeg\" src=\"https:\/\/infoluro.com\/wp-content\/uploads\/2016\/04\/FPV-HCD-ESCUELAS-28042016.mp3?_=1\" \/><a href=\"https:\/\/infoluro.com\/wp-content\/uploads\/2016\/04\/FPV-HCD-ESCUELAS-28042016.mp3\">https:\/\/infoluro.com\/wp-content\/uploads\/2016\/04\/FPV-HCD-ESCUELAS-28042016.mp3<\/a><\/audio>\n<p>&nbsp;<\/p>\n","protected":false},"excerpt":{"rendered":"<p>Los concejales del Frente Para la Victoria, Fabi\u00e1n Marlia y Fabricio Stefanelli visitaron los estudios&#8230;<\/p>\n","protected":false},"author":2,"featured_media":748,"comment_status":"closed","ping_status":"closed","sticky":false,"template":"","format":"standard","meta":{"footnotes":""},"categories":[12,9],"tags":[],"_links":{"self":[{"href":"https:\/\/infoluro.com\/index.php?rest_route=\/wp\/v2\/posts\/826"}],"collection":[{"href":"https:\/\/infoluro.com\/index.php?rest_route=\/wp\/v2\/posts"}],"about":[{"href":"https:\/\/infoluro.com\/index.php?rest_route=\/wp\/v2\/types\/post"}],"author":[{"embeddable":true,"href":"https:\/\/infoluro.com\/index.php?rest_route=\/wp\/v2\/users\/2"}],"replies":[{"embeddable":true,"href":"https:\/\/infoluro.com\/index.php?rest_route=%2Fwp%2Fv2%2Fcomments&post=826"}],"version-history":[{"count":0,"href":"https:\/\/infoluro.com\/index.php?rest_route=\/wp\/v2\/posts\/826\/revisions"}],"wp:featuredmedia":[{"embeddable":true,"href":"https:\/\/infoluro.com\/index.php?rest_route=\/wp\/v2\/media\/748"}],"wp:attachment":[{"href":"https:\/\/infoluro.com\/index.php?rest_route=%2Fwp%2Fv2%2Fmedia&parent=826"}],"wp:term":[{"taxonomy":"category","embeddable":true,"href":"https:\/\/infoluro.com\/index.php?rest_route=%2Fwp%2Fv2%2Fcategories&post=826"},{"taxonomy":"post_tag","embeddable":true,"href":"https:\/\/infoluro.com\/index.php?rest_route=%2Fwp%2Fv2%2Ftags&post=826"}],"curies":[{"name":"wp","href":"https:\/\/api.w.org\/{rel}","templated":true}]}}